{"id":10857,"date":"2020-11-16T14:43:44","date_gmt":"2020-11-16T14:43:44","guid":{"rendered":"https:\/\/arroyitoonline.com.ar\/?p=10857"},"modified":"2020-11-16T14:56:47","modified_gmt":"2020-11-16T14:56:47","slug":"conductora-de-una-moto-perdio-el-control-cayo-a-la-carpeta-asfaltica-y-sufrio-lesiones-graves","status":"publish","type":"post","link":"https:\/\/arroyitoonline.com.ar\/?p=10857","title":{"rendered":"Conductora de una moto perdi\u00f3 el control, cay\u00f3 a la carpeta asf\u00e1ltica y sufri\u00f3 lesiones graves"},"content":{"rendered":"\n<p><strong>La mujer de 52 a\u00f1os, que manejaba una Guerrero Trip 110 CC, iba acompa\u00f1ada por una menor de seis a\u00f1os.<\/strong><\/p>\n\n\n\n<p>El s\u00e1bado a las 18:30 horas se produjo un accidente de tr\u00e1nsito con lesiones graves. En ese horario, la Polic\u00eda recibi\u00f3 un llamado telef\u00f3nico a la l\u00ednea de emergencias solicitando un m\u00f3vil, frente a la Plaza de Los Homenajes.<\/p>\n\n\n\n<p>En el lugar, una mujer de 52 a\u00f1os andaba en una Guerrero Trip 110 CC de color rojo acompa\u00f1ada por una menor de seis a\u00f1os. Por causas que tratan de establecerse, la conductora perdi\u00f3 el control del rodado cayendo ambas ocupantes a la carpeta asf\u00e1ltica.<\/p>\n\n\n\n<p>M\u00e1s tarde se hizo presente el servicio de emergencias traslad\u00e1ndolas hacia el hospital municipal, donde se constat\u00f3 que la se\u00f1ora sufri\u00f3 lesiones de car\u00e1cter graves. Luego se labraron actuaciones de rigor interviniendo la Fiscal\u00eda de Instrucci\u00f3n local.<\/p>\n\n\n\n<p>Fuente: informe de la oficial Insp. Soledad Torletto \u2013 Comisar\u00eda Distrito Arroyito.<\/p>\n","protected":false},"excerpt":{"rendered":"<p>La mujer de 52 a\u00f1os, que manejaba una Guerrero Trip 110 CC, iba acompa\u00f1ada por una menor de seis a\u00f1os.&hellip;<\/p>\n","protected":false},"author":3,"featured_media":9908,"comment_status":"closed","ping_status":"open","sticky":false,"template":"","format":"standard","meta":{"footnotes":""},"categories":[824],"tags":[22,66,67,836,1086,572,635,637,638,825,737],"class_list":["post-10857","post","type-post","status-publish","format-standard","has-post-thumbnail","hentry","category-policiales-online","tag-accidente","tag-arroyito","tag-arroyito-cordoba","tag-arroyito-online","tag-moto","tag-noticias-de-arroyito-y-zona","tag-policia","tag-policiales","tag-policiales-arroyito","tag-policiales-online","tag-siniestro-vial"],"_links":{"self":[{"href":"https:\/\/arroyitoonline.com.ar\/index.php?rest_route=\/wp\/v2\/posts\/10857","targetHints":{"allow":["GET"]}}],"collection":[{"href":"https:\/\/arroyitoonline.com.ar\/index.php?rest_route=\/wp\/v2\/posts"}],"about":[{"href":"https:\/\/arroyitoonline.com.ar\/index.php?rest_route=\/wp\/v2\/types\/post"}],"author":[{"embeddable":true,"href":"https:\/\/arroyitoonline.com.ar\/index.php?rest_route=\/wp\/v2\/users\/3"}],"replies":[{"embeddable":true,"href":"https:\/\/arroyitoonline.com.ar\/index.php?rest_route=%2Fwp%2Fv2%2Fcomments&post=10857"}],"version-history":[{"count":2,"href":"https:\/\/arroyitoonline.com.ar\/index.php?rest_route=\/wp\/v2\/posts\/10857\/revisions"}],"predecessor-version":[{"id":10859,"href":"https:\/\/arroyitoonline.com.ar\/index.php?rest_route=\/wp\/v2\/posts\/10857\/revisions\/10859"}],"wp:featuredmedia":[{"embeddable":true,"href":"https:\/\/arroyitoonline.com.ar\/index.php?rest_route=\/wp\/v2\/media\/9908"}],"wp:attachment":[{"href":"https:\/\/arroyitoonline.com.ar\/index.php?rest_route=%2Fwp%2Fv2%2Fmedia&parent=10857"}],"wp:term":[{"taxonomy":"category","embeddable":true,"href":"https:\/\/arroyitoonline.com.ar\/index.php?rest_route=%2Fwp%2Fv2%2Fcategories&post=10857"},{"taxonomy":"post_tag","embeddable":true,"href":"https:\/\/arroyitoonline.com.ar\/index.php?rest_route=%2Fwp%2Fv2%2Ftags&post=10857"}],"curies":[{"name":"wp","href":"https:\/\/api.w.org\/{rel}","templated":true}]}}