{"id":10916,"date":"2020-11-20T14:30:20","date_gmt":"2020-11-20T14:30:20","guid":{"rendered":"https:\/\/arroyitoonline.com.ar\/?p=10916"},"modified":"2020-11-20T14:30:30","modified_gmt":"2020-11-20T14:30:30","slug":"dia-del-origen-el-acto-virtual-preve-reconomientos-a-vecinos-exempleados-municipales-y-comerciantes","status":"publish","type":"post","link":"https:\/\/arroyitoonline.com.ar\/?p=10916","title":{"rendered":"D\u00eda del Origen: el acto virtual prev\u00e9 reconomientos a vecinos, exempleados municipales y comerciantes"},"content":{"rendered":"\n<p><strong>Se trata del 242\u00b0 Aniversario del nacimiento de Arroyito. En tiempos de pandemia, ser\u00e1 transmitido por Canal 3.<\/strong><\/p>\n\n\n\n<p>El pr\u00f3ximo lunes 23 de noviembre es el\u00a0<strong>242\u00b0 Aniversario<\/strong> del <strong>D\u00eda del Origen de Arroyito<\/strong>. En este marco, el Gobierno Municipal celebrar\u00e1n a trav\u00e9s de un\u00a0<strong>acto virtual, que se realizar\u00e1 el domingo 22 a las 20:30 horas, con importantes reconocimientos\u00a0<\/strong>que honran el esfuerzo de los vecinos de la ciudad.<\/p>\n\n\n\n<figure class=\"wp-block-image size-large\"><img loading=\"lazy\" decoding=\"async\" width=\"1024\" height=\"787\" src=\"https:\/\/arroyitoonline.com.ar\/wp-content\/uploads\/2020\/11\/dia-del-origen-2020-1024x787.jpeg\" alt=\"\" class=\"wp-image-10917\" srcset=\"https:\/\/arroyitoonline.com.ar\/wp-content\/uploads\/2020\/11\/dia-del-origen-2020-1024x787.jpeg 1024w, https:\/\/arroyitoonline.com.ar\/wp-content\/uploads\/2020\/11\/dia-del-origen-2020-300x231.jpeg 300w, https:\/\/arroyitoonline.com.ar\/wp-content\/uploads\/2020\/11\/dia-del-origen-2020-768x590.jpeg 768w, https:\/\/arroyitoonline.com.ar\/wp-content\/uploads\/2020\/11\/dia-del-origen-2020.jpeg 1280w\" sizes=\"auto, (max-width: 1024px) 100vw, 1024px\" \/><\/figure>\n\n\n\n<p>Se entregar\u00e1n reconocimientos a exempleados municipales jubilados, a la Asociaci\u00f3n Bomberos Voluntarios Arroyito, al Coro de C\u00e1mara Municipal, por su 40\u00b0 Aniversario, y a comerciantes de nuestra ciudad por su intachable trayectoria y aporte al desarrollo local.<\/p>\n\n\n\n<p><strong>Por la situaci\u00f3n de pandemia actual<\/strong>, el acto se realizar\u00e1 solo con la presencia de los galardonados y ser\u00e1 transmitido por Canal 3 Arroyito, para que todos los vecinos puedan disfrutarlo.<\/p>\n\n\n\n<p>Foto de archivo, a modo ilustrativo.<\/p>\n","protected":false},"excerpt":{"rendered":"<p>Se trata del 242\u00b0 Aniversario del nacimiento de Arroyito. En tiempos de pandemia, ser\u00e1 transmitido por Canal 3. El pr\u00f3ximo&hellip;<\/p>\n","protected":false},"author":3,"featured_media":10918,"comment_status":"closed","ping_status":"open","sticky":false,"template":"","format":"standard","meta":{"footnotes":""},"categories":[829],"tags":[66,67,836,1055,911,868,555,556,572],"class_list":["post-10916","post","type-post","status-publish","format-standard","has-post-thumbnail","hentry","category-municipales-online","tag-arroyito","tag-arroyito-cordoba","tag-arroyito-online","tag-dia-del-origen-2","tag-empleados-municipales","tag-municipales-online","tag-municipalidad","tag-municipalidad-de-arroyito","tag-noticias-de-arroyito-y-zona"],"_links":{"self":[{"href":"https:\/\/arroyitoonline.com.ar\/index.php?rest_route=\/wp\/v2\/posts\/10916","targetHints":{"allow":["GET"]}}],"collection":[{"href":"https:\/\/arroyitoonline.com.ar\/index.php?rest_route=\/wp\/v2\/posts"}],"about":[{"href":"https:\/\/arroyitoonline.com.ar\/index.php?rest_route=\/wp\/v2\/types\/post"}],"author":[{"embeddable":true,"href":"https:\/\/arroyitoonline.com.ar\/index.php?rest_route=\/wp\/v2\/users\/3"}],"replies":[{"embeddable":true,"href":"https:\/\/arroyitoonline.com.ar\/index.php?rest_route=%2Fwp%2Fv2%2Fcomments&post=10916"}],"version-history":[{"count":1,"href":"https:\/\/arroyitoonline.com.ar\/index.php?rest_route=\/wp\/v2\/posts\/10916\/revisions"}],"predecessor-version":[{"id":10919,"href":"https:\/\/arroyitoonline.com.ar\/index.php?rest_route=\/wp\/v2\/posts\/10916\/revisions\/10919"}],"wp:featuredmedia":[{"embeddable":true,"href":"https:\/\/arroyitoonline.com.ar\/index.php?rest_route=\/wp\/v2\/media\/10918"}],"wp:attachment":[{"href":"https:\/\/arroyitoonline.com.ar\/index.php?rest_route=%2Fwp%2Fv2%2Fmedia&parent=10916"}],"wp:term":[{"taxonomy":"category","embeddable":true,"href":"https:\/\/arroyitoonline.com.ar\/index.php?rest_route=%2Fwp%2Fv2%2Fcategories&post=10916"},{"taxonomy":"post_tag","embeddable":true,"href":"https:\/\/arroyitoonline.com.ar\/index.php?rest_route=%2Fwp%2Fv2%2Ftags&post=10916"}],"curies":[{"name":"wp","href":"https:\/\/api.w.org\/{rel}","templated":true}]}}