{"id":10950,"date":"2020-11-25T11:29:28","date_gmt":"2020-11-25T11:29:28","guid":{"rendered":"https:\/\/arroyitoonline.com.ar\/?p=10950"},"modified":"2020-11-25T11:29:32","modified_gmt":"2020-11-25T11:29:32","slug":"una-reunion-clandestina-con-15-personas-termino-cuando-llego-la-policia","status":"publish","type":"post","link":"https:\/\/arroyitoonline.com.ar\/?p=10950","title":{"rendered":"Una reuni\u00f3n clandestina con 15 personas termin\u00f3 cuando lleg\u00f3 la Polic\u00eda"},"content":{"rendered":"\n<p><strong>Uniformados identificaron a la propietaria de la vivienda y labraron actas invitando a los asistentes a que se retiraran a sus domicilios.<\/strong><\/p>\n\n\n\n<p>El s\u00e1bado a las 9:45 horas, la Polic\u00eda recibi\u00f3 un llamado al 101 alertando sobre una fiesta clandestina.<\/p>\n\n\n\n<p>A continuaci\u00f3n, personal de la Comisar\u00eda se hizo presente en L\u00f3pez y Planez al 100 y constat\u00f3 una reuni\u00f3n social no autorizada, de la que participaban unas 15 personas.<\/p>\n\n\n\n<p>Uniformados identificaron a la propietaria de la vivienda, una mujer de 32 a\u00f1os. Tambi\u00e9n labraron actas de infracci\u00f3n correspondientes, seg\u00fan art\u00edculo 1 Inciso 3, de la Ley Provincial 10.702 (R\u00e9gimen sancionatorio excepcional emergencia sanitaria \u2013 covid19) invitando a los asistentes a que se retiraran a sus domicilios.<\/p>\n\n\n\n<p>Fuente: informe de la oficial Insp. Soledad Torletto | Comisar\u00eda Distrito Arroyito.<\/p>\n","protected":false},"excerpt":{"rendered":"<p>Uniformados identificaron a la propietaria de la vivienda y labraron actas invitando a los asistentes a que se retiraran a&hellip;<\/p>\n","protected":false},"author":3,"featured_media":9911,"comment_status":"closed","ping_status":"open","sticky":false,"template":"","format":"standard","meta":{"footnotes":""},"categories":[824],"tags":[1120,66,67,836,1152,372,572,635,637,638,825],"class_list":["post-10950","post","type-post","status-publish","format-standard","has-post-thumbnail","hentry","category-policiales-online","tag-aislamiento","tag-arroyito","tag-arroyito-cordoba","tag-arroyito-online","tag-covid-19","tag-fiesta","tag-noticias-de-arroyito-y-zona","tag-policia","tag-policiales","tag-policiales-arroyito","tag-policiales-online"],"_links":{"self":[{"href":"https:\/\/arroyitoonline.com.ar\/index.php?rest_route=\/wp\/v2\/posts\/10950","targetHints":{"allow":["GET"]}}],"collection":[{"href":"https:\/\/arroyitoonline.com.ar\/index.php?rest_route=\/wp\/v2\/posts"}],"about":[{"href":"https:\/\/arroyitoonline.com.ar\/index.php?rest_route=\/wp\/v2\/types\/post"}],"author":[{"embeddable":true,"href":"https:\/\/arroyitoonline.com.ar\/index.php?rest_route=\/wp\/v2\/users\/3"}],"replies":[{"embeddable":true,"href":"https:\/\/arroyitoonline.com.ar\/index.php?rest_route=%2Fwp%2Fv2%2Fcomments&post=10950"}],"version-history":[{"count":1,"href":"https:\/\/arroyitoonline.com.ar\/index.php?rest_route=\/wp\/v2\/posts\/10950\/revisions"}],"predecessor-version":[{"id":10951,"href":"https:\/\/arroyitoonline.com.ar\/index.php?rest_route=\/wp\/v2\/posts\/10950\/revisions\/10951"}],"wp:featuredmedia":[{"embeddable":true,"href":"https:\/\/arroyitoonline.com.ar\/index.php?rest_route=\/wp\/v2\/media\/9911"}],"wp:attachment":[{"href":"https:\/\/arroyitoonline.com.ar\/index.php?rest_route=%2Fwp%2Fv2%2Fmedia&parent=10950"}],"wp:term":[{"taxonomy":"category","embeddable":true,"href":"https:\/\/arroyitoonline.com.ar\/index.php?rest_route=%2Fwp%2Fv2%2Fcategories&post=10950"},{"taxonomy":"post_tag","embeddable":true,"href":"https:\/\/arroyitoonline.com.ar\/index.php?rest_route=%2Fwp%2Fv2%2Ftags&post=10950"}],"curies":[{"name":"wp","href":"https:\/\/api.w.org\/{rel}","templated":true}]}}