{"id":11008,"date":"2020-12-01T11:50:45","date_gmt":"2020-12-01T11:50:45","guid":{"rendered":"https:\/\/arroyitoonline.com.ar\/?p=11008"},"modified":"2020-12-01T11:50:54","modified_gmt":"2020-12-01T11:50:54","slug":"detuvieron-a-un-joven-de-arroyito-por-la-ley-de-estupefacientes","status":"publish","type":"post","link":"https:\/\/arroyitoonline.com.ar\/?p=11008","title":{"rendered":"Detuvieron a un joven de Arroyito por la Ley de Estupefacientes"},"content":{"rendered":"\n<p><strong>Fue en un operativo conjunto entre la Fuerza Policial Antonarcotr\u00e1fico y Gendarmer\u00eda Nacional.<\/strong><\/p>\n\n\n\n<p>El s\u00e1bado a las 4:15 horas detuvieron a un joven de 23 a\u00f1os, en la intersecci\u00f3n de la calle San Mart\u00edn y la avenida Per\u00f3n (Costanera).<\/p>\n\n\n\n<p>Fue en un operativo conjunto entre la Fuerza Policial Antonarcotr\u00e1fico y Gendarmer\u00eda Nacional, que lo trasladaron a la Comisar\u00eda local, donde qued\u00f3 alojado por supuesta infracci\u00f3n a la Ley de Estupefacientes 23.737.<\/p>\n\n\n\n<p>El sujeto fue puesto a disposici\u00f3n de la Fiscal\u00eda de Lucha Contra el Narcotr\u00e1fico de la ciudad de San Francisco.<\/p>\n\n\n\n<p>Fuente: informe de la oficial Insp. Soledad Torletto | Comisar\u00eda Distrito Arroyito.<\/p>\n\n\n\n<p>Foto a modo ilustrativo.<\/p>\n","protected":false},"excerpt":{"rendered":"<p>Fue en un operativo conjunto entre la Fuerza Policial Antonarcotr\u00e1fico y Gendarmer\u00eda Nacional. El s\u00e1bado a las 4:15 horas detuvieron&hellip;<\/p>\n","protected":false},"author":3,"featured_media":10064,"comment_status":"closed","ping_status":"open","sticky":false,"template":"","format":"standard","meta":{"footnotes":""},"categories":[824],"tags":[66,67,836,303,386,400,572,635,637,638],"class_list":["post-11008","post","type-post","status-publish","format-standard","has-post-thumbnail","hentry","category-policiales-online","tag-arroyito","tag-arroyito-cordoba","tag-arroyito-online","tag-drogas","tag-fpa","tag-gendarmeria","tag-noticias-de-arroyito-y-zona","tag-policia","tag-policiales","tag-policiales-arroyito"],"_links":{"self":[{"href":"https:\/\/arroyitoonline.com.ar\/index.php?rest_route=\/wp\/v2\/posts\/11008","targetHints":{"allow":["GET"]}}],"collection":[{"href":"https:\/\/arroyitoonline.com.ar\/index.php?rest_route=\/wp\/v2\/posts"}],"about":[{"href":"https:\/\/arroyitoonline.com.ar\/index.php?rest_route=\/wp\/v2\/types\/post"}],"author":[{"embeddable":true,"href":"https:\/\/arroyitoonline.com.ar\/index.php?rest_route=\/wp\/v2\/users\/3"}],"replies":[{"embeddable":true,"href":"https:\/\/arroyitoonline.com.ar\/index.php?rest_route=%2Fwp%2Fv2%2Fcomments&post=11008"}],"version-history":[{"count":1,"href":"https:\/\/arroyitoonline.com.ar\/index.php?rest_route=\/wp\/v2\/posts\/11008\/revisions"}],"predecessor-version":[{"id":11009,"href":"https:\/\/arroyitoonline.com.ar\/index.php?rest_route=\/wp\/v2\/posts\/11008\/revisions\/11009"}],"wp:featuredmedia":[{"embeddable":true,"href":"https:\/\/arroyitoonline.com.ar\/index.php?rest_route=\/wp\/v2\/media\/10064"}],"wp:attachment":[{"href":"https:\/\/arroyitoonline.com.ar\/index.php?rest_route=%2Fwp%2Fv2%2Fmedia&parent=11008"}],"wp:term":[{"taxonomy":"category","embeddable":true,"href":"https:\/\/arroyitoonline.com.ar\/index.php?rest_route=%2Fwp%2Fv2%2Fcategories&post=11008"},{"taxonomy":"post_tag","embeddable":true,"href":"https:\/\/arroyitoonline.com.ar\/index.php?rest_route=%2Fwp%2Fv2%2Ftags&post=11008"}],"curies":[{"name":"wp","href":"https:\/\/api.w.org\/{rel}","templated":true}]}}