{"id":11085,"date":"2020-12-10T14:00:25","date_gmt":"2020-12-10T14:00:25","guid":{"rendered":"https:\/\/arroyitoonline.com.ar\/?p=11085"},"modified":"2020-12-10T14:00:27","modified_gmt":"2020-12-10T14:00:27","slug":"gresca-callejera-chica-de-19-anos-hirio-en-la-espalda-a-joven-de-20","status":"publish","type":"post","link":"https:\/\/arroyitoonline.com.ar\/?p=11085","title":{"rendered":"Gresca callejera: chica de 19 a\u00f1os hiri\u00f3 en la espalda a joven de 20"},"content":{"rendered":"\n<p><strong>Fue durante una discusi\u00f3n en la v\u00eda p\u00fablica, donde hubo varios sujetos involucrados. <\/strong><\/p>\n\n\n\n<p>El s\u00e1bado a las 10:30 horas, la Polic\u00eda recibi\u00f3 un llamado a la l\u00ednea de emergencias, dando aviso de una gresca sobre la v\u00eda p\u00fablica, en la esquina de Coronel \u00c1lvarez y Pedro Navarro.<\/p>\n\n\n\n<p>En el lugar, uniformados constaron que, a ra\u00edz de la discusi\u00f3n entre un grupo de j\u00f3venes, uno de ellos (20 a\u00f1os) result\u00f3 con herida punzocortante, quedando en observaci\u00f3n en el hospital municipal, con una lesi\u00f3n superficial en la espalda.<\/p>\n\n\n\n<p>En este marco, determinaron que la autora de la lesi\u00f3n era una chica de 19 a\u00f1os secuestrando la polic\u00eda, un cuchillo tipo Tramontina. La joven result\u00f3 aprehendida y trasladada a la Comisar\u00eda, donde qued\u00f3 a disposici\u00f3n de la Fiscal\u00eda de Instrucci\u00f3n local.<\/p>\n\n\n\n<p>Fuente: informe de la oficial Insp. Soledad Torletto | Comisar\u00eda Distrito Arroyito.<\/p>\n","protected":false},"excerpt":{"rendered":"<p>Fue durante una discusi\u00f3n en la v\u00eda p\u00fablica, donde hubo varios sujetos involucrados. El s\u00e1bado a las 10:30 horas, la&hellip;<\/p>\n","protected":false},"author":3,"featured_media":9908,"comment_status":"closed","ping_status":"open","sticky":false,"template":"","format":"standard","meta":{"footnotes":""},"categories":[824],"tags":[66,67,836,572,635,637,638,825],"class_list":["post-11085","post","type-post","status-publish","format-standard","has-post-thumbnail","hentry","category-policiales-online","tag-arroyito","tag-arroyito-cordoba","tag-arroyito-online","tag-noticias-de-arroyito-y-zona","tag-policia","tag-policiales","tag-policiales-arroyito","tag-policiales-online"],"_links":{"self":[{"href":"https:\/\/arroyitoonline.com.ar\/index.php?rest_route=\/wp\/v2\/posts\/11085","targetHints":{"allow":["GET"]}}],"collection":[{"href":"https:\/\/arroyitoonline.com.ar\/index.php?rest_route=\/wp\/v2\/posts"}],"about":[{"href":"https:\/\/arroyitoonline.com.ar\/index.php?rest_route=\/wp\/v2\/types\/post"}],"author":[{"embeddable":true,"href":"https:\/\/arroyitoonline.com.ar\/index.php?rest_route=\/wp\/v2\/users\/3"}],"replies":[{"embeddable":true,"href":"https:\/\/arroyitoonline.com.ar\/index.php?rest_route=%2Fwp%2Fv2%2Fcomments&post=11085"}],"version-history":[{"count":1,"href":"https:\/\/arroyitoonline.com.ar\/index.php?rest_route=\/wp\/v2\/posts\/11085\/revisions"}],"predecessor-version":[{"id":11086,"href":"https:\/\/arroyitoonline.com.ar\/index.php?rest_route=\/wp\/v2\/posts\/11085\/revisions\/11086"}],"wp:featuredmedia":[{"embeddable":true,"href":"https:\/\/arroyitoonline.com.ar\/index.php?rest_route=\/wp\/v2\/media\/9908"}],"wp:attachment":[{"href":"https:\/\/arroyitoonline.com.ar\/index.php?rest_route=%2Fwp%2Fv2%2Fmedia&parent=11085"}],"wp:term":[{"taxonomy":"category","embeddable":true,"href":"https:\/\/arroyitoonline.com.ar\/index.php?rest_route=%2Fwp%2Fv2%2Fcategories&post=11085"},{"taxonomy":"post_tag","embeddable":true,"href":"https:\/\/arroyitoonline.com.ar\/index.php?rest_route=%2Fwp%2Fv2%2Ftags&post=11085"}],"curies":[{"name":"wp","href":"https:\/\/api.w.org\/{rel}","templated":true}]}}