{"id":11089,"date":"2020-12-10T14:44:11","date_gmt":"2020-12-10T14:44:11","guid":{"rendered":"https:\/\/arroyitoonline.com.ar\/?p=11089"},"modified":"2020-12-10T14:45:26","modified_gmt":"2020-12-10T14:45:26","slug":"la-francia-policia-desarticulo-una-fiesta-clandestina-con-80-jovenes","status":"publish","type":"post","link":"https:\/\/arroyitoonline.com.ar\/?p=11089","title":{"rendered":"La Francia: Polic\u00eda desarticul\u00f3 una fiesta clandestina con 80 j\u00f3venes"},"content":{"rendered":"\n<p><strong>Cuando se percataron de la presencia del m\u00f3vil policial, los participantes comenzaron a arrojarle jarras con bebidas, vasos, hielos y piedras.<\/strong><\/p>\n\n\n\n<p>El domingo a las 4:55 de la madrugada, personal policial realizaba patrullaje por el tramo de la autopista al sur de la localidad de La Francia. En ese momento, uniformados constataron la presencia de 80 personas y unos 40 veh\u00edculos, que se encontraban en una fiesta clandestina.<\/p>\n\n\n\n<p>Cuando se percataron de la presencia del m\u00f3vil policial, los participantes comenzaron a arrojarle jarras con bebidas, vasos, hielos y piedras.<\/p>\n\n\n\n<p>Al mismo tiempo, varios huyeron y la Polic\u00eda identific\u00f3 a algunas de las personas, entre las que se encontraban j\u00f3venes de La Francia, Devoto y San Francisco.<\/p>\n\n\n\n<p>A continuaci\u00f3n, Se les labr\u00f3 el acta de constataci\u00f3n por&nbsp;infracci\u00f3n a la Ley Provincial 10.702 (R\u00c9GIMEN SANCIONATORIO EXCEPCIONAL EMERGENCIA SANITARIA \u2013 COVID19).<\/p>\n\n\n\n<p>Fuente: informe de la oficial Insp. Soledad Torletto | Comisar\u00eda Distrito Arroyito.<\/p>\n\n\n\n<p>Foto de archivo: LA VOZ DE SAN JUSTO<\/p>\n","protected":false},"excerpt":{"rendered":"<p>Cuando se percataron de la presencia del m\u00f3vil policial, los participantes comenzaron a arrojarle jarras con bebidas, vasos, hielos y&hellip;<\/p>\n","protected":false},"author":3,"featured_media":11090,"comment_status":"closed","ping_status":"open","sticky":false,"template":"","format":"standard","meta":{"footnotes":""},"categories":[824],"tags":[66,67,836,1108,1152,485,572,635,637,638,825],"class_list":["post-11089","post","type-post","status-publish","format-standard","has-post-thumbnail","hentry","category-policiales-online","tag-arroyito","tag-arroyito-cordoba","tag-arroyito-online","tag-coronavirus","tag-covid-19","tag-la-francia","tag-noticias-de-arroyito-y-zona","tag-policia","tag-policiales","tag-policiales-arroyito","tag-policiales-online"],"_links":{"self":[{"href":"https:\/\/arroyitoonline.com.ar\/index.php?rest_route=\/wp\/v2\/posts\/11089","targetHints":{"allow":["GET"]}}],"collection":[{"href":"https:\/\/arroyitoonline.com.ar\/index.php?rest_route=\/wp\/v2\/posts"}],"about":[{"href":"https:\/\/arroyitoonline.com.ar\/index.php?rest_route=\/wp\/v2\/types\/post"}],"author":[{"embeddable":true,"href":"https:\/\/arroyitoonline.com.ar\/index.php?rest_route=\/wp\/v2\/users\/3"}],"replies":[{"embeddable":true,"href":"https:\/\/arroyitoonline.com.ar\/index.php?rest_route=%2Fwp%2Fv2%2Fcomments&post=11089"}],"version-history":[{"count":2,"href":"https:\/\/arroyitoonline.com.ar\/index.php?rest_route=\/wp\/v2\/posts\/11089\/revisions"}],"predecessor-version":[{"id":11092,"href":"https:\/\/arroyitoonline.com.ar\/index.php?rest_route=\/wp\/v2\/posts\/11089\/revisions\/11092"}],"wp:featuredmedia":[{"embeddable":true,"href":"https:\/\/arroyitoonline.com.ar\/index.php?rest_route=\/wp\/v2\/media\/11090"}],"wp:attachment":[{"href":"https:\/\/arroyitoonline.com.ar\/index.php?rest_route=%2Fwp%2Fv2%2Fmedia&parent=11089"}],"wp:term":[{"taxonomy":"category","embeddable":true,"href":"https:\/\/arroyitoonline.com.ar\/index.php?rest_route=%2Fwp%2Fv2%2Fcategories&post=11089"},{"taxonomy":"post_tag","embeddable":true,"href":"https:\/\/arroyitoonline.com.ar\/index.php?rest_route=%2Fwp%2Fv2%2Ftags&post=11089"}],"curies":[{"name":"wp","href":"https:\/\/api.w.org\/{rel}","templated":true}]}}