{"id":11116,"date":"2020-12-15T03:06:38","date_gmt":"2020-12-15T03:06:38","guid":{"rendered":"https:\/\/arroyitoonline.com.ar\/?p=11116"},"modified":"2020-12-15T12:12:20","modified_gmt":"2020-12-15T12:12:20","slug":"auto-impacto-con-un-arbol-el-acompanante-sufrio-lesiones-graves","status":"publish","type":"post","link":"https:\/\/arroyitoonline.com.ar\/?p=11116","title":{"rendered":"Auto impact\u00f3 con un \u00e1rbol: el acompa\u00f1ante sufri\u00f3 lesiones graves"},"content":{"rendered":"\n<p><strong>Se trata de un joven de 27 a\u00f1os. El Peugeot 207 gris perdi\u00f3 el control, por causas que tratan de establecerse.<\/strong><\/p>\n\n\n\n<p>El s\u00e1bado a las 19:30 horas, se produjo un accidente de tr\u00e1nsito en zona rural, sobre camino p\u00fablico, en inmediaciones del basural.<\/p>\n\n\n\n<p>Cuando personal policial lleg\u00f3 al lugar, observ\u00f3 un Peugeot 207 de color gris. El cual, por razones que tratan de establecerse, perdi\u00f3 el control impactando contra un \u00e1rbol.<\/p>\n\n\n\n<p>El auto era conducido por un joven de 26 a\u00f1os, quien iba junto a otro de 27, ambos domiciliados en Arroyito.<\/p>\n\n\n\n<p>Los dos ocupantes del veh\u00edculo fueron asistidos y trasladados hacia el hospital municipal, donde el acompa\u00f1ante fue diagnosticado con lesiones de car\u00e1cter graves.<\/p>\n\n\n\n<p>Por \u00faltimo, se labraron las actuaciones correspondientes, interviniendo Fiscal\u00eda de Instrucci\u00f3n local.<\/p>\n\n\n\n<p>Fuente: informe de la oficial Insp. Soledad Torletto \u2013 Comisar\u00eda Distrito Arroyito.<\/p>\n","protected":false},"excerpt":{"rendered":"<p>Se trata de un joven de 27 a\u00f1os. El Peugeot 207 gris perdi\u00f3 el control, por causas que tratan de&hellip;<\/p>\n","protected":false},"author":3,"featured_media":11117,"comment_status":"closed","ping_status":"open","sticky":false,"template":"","format":"standard","meta":{"footnotes":""},"categories":[824],"tags":[66,67,836,191,572,635,637,638,825],"class_list":["post-11116","post","type-post","status-publish","format-standard","has-post-thumbnail","hentry","category-policiales-online","tag-arroyito","tag-arroyito-cordoba","tag-arroyito-online","tag-choque","tag-noticias-de-arroyito-y-zona","tag-policia","tag-policiales","tag-policiales-arroyito","tag-policiales-online"],"_links":{"self":[{"href":"https:\/\/arroyitoonline.com.ar\/index.php?rest_route=\/wp\/v2\/posts\/11116","targetHints":{"allow":["GET"]}}],"collection":[{"href":"https:\/\/arroyitoonline.com.ar\/index.php?rest_route=\/wp\/v2\/posts"}],"about":[{"href":"https:\/\/arroyitoonline.com.ar\/index.php?rest_route=\/wp\/v2\/types\/post"}],"author":[{"embeddable":true,"href":"https:\/\/arroyitoonline.com.ar\/index.php?rest_route=\/wp\/v2\/users\/3"}],"replies":[{"embeddable":true,"href":"https:\/\/arroyitoonline.com.ar\/index.php?rest_route=%2Fwp%2Fv2%2Fcomments&post=11116"}],"version-history":[{"count":2,"href":"https:\/\/arroyitoonline.com.ar\/index.php?rest_route=\/wp\/v2\/posts\/11116\/revisions"}],"predecessor-version":[{"id":11126,"href":"https:\/\/arroyitoonline.com.ar\/index.php?rest_route=\/wp\/v2\/posts\/11116\/revisions\/11126"}],"wp:featuredmedia":[{"embeddable":true,"href":"https:\/\/arroyitoonline.com.ar\/index.php?rest_route=\/wp\/v2\/media\/11117"}],"wp:attachment":[{"href":"https:\/\/arroyitoonline.com.ar\/index.php?rest_route=%2Fwp%2Fv2%2Fmedia&parent=11116"}],"wp:term":[{"taxonomy":"category","embeddable":true,"href":"https:\/\/arroyitoonline.com.ar\/index.php?rest_route=%2Fwp%2Fv2%2Fcategories&post=11116"},{"taxonomy":"post_tag","embeddable":true,"href":"https:\/\/arroyitoonline.com.ar\/index.php?rest_route=%2Fwp%2Fv2%2Ftags&post=11116"}],"curies":[{"name":"wp","href":"https:\/\/api.w.org\/{rel}","templated":true}]}}