{"id":11127,"date":"2020-12-15T13:42:44","date_gmt":"2020-12-15T13:42:44","guid":{"rendered":"https:\/\/arroyitoonline.com.ar\/?p=11127"},"modified":"2020-12-16T12:50:39","modified_gmt":"2020-12-16T12:50:39","slug":"se-viene-el-pesebre-viviente-en-el-hogar-de-ancianos-juan-xxiii","status":"publish","type":"post","link":"https:\/\/arroyitoonline.com.ar\/?p=11127","title":{"rendered":"Se viene el Pesebre Viviente en el Hogar de Ancianos Juan XXIII"},"content":{"rendered":"\n<p><strong>Lo har\u00e1n cumpliendo con los protocolos de bioseguridad y ser\u00e1 transmitido por las redes sociales del Municipio.<\/strong><\/p>\n\n\n\n<p>Este mi\u00e9rcoles 16 de diciembre a las 20:30 horas, el Hogar de Ancianos Juan XXIII realizar\u00e1 el tradicional Pesebre Viviente en esta instituci\u00f3n.<\/p>\n\n\n\n<figure class=\"wp-block-image size-large\"><img loading=\"lazy\" decoding=\"async\" width=\"1024\" height=\"1024\" src=\"https:\/\/arroyitoonline.com.ar\/wp-content\/uploads\/2020\/12\/Pesebre-viviente-2020-1024x1024.jpeg\" alt=\"\" class=\"wp-image-11128\" srcset=\"https:\/\/arroyitoonline.com.ar\/wp-content\/uploads\/2020\/12\/Pesebre-viviente-2020-1024x1024.jpeg 1024w, https:\/\/arroyitoonline.com.ar\/wp-content\/uploads\/2020\/12\/Pesebre-viviente-2020-300x300.jpeg 300w, https:\/\/arroyitoonline.com.ar\/wp-content\/uploads\/2020\/12\/Pesebre-viviente-2020-150x150.jpeg 150w, https:\/\/arroyitoonline.com.ar\/wp-content\/uploads\/2020\/12\/Pesebre-viviente-2020-768x768.jpeg 768w, https:\/\/arroyitoonline.com.ar\/wp-content\/uploads\/2020\/12\/Pesebre-viviente-2020.jpeg 1181w\" sizes=\"auto, (max-width: 1024px) 100vw, 1024px\" \/><\/figure>\n\n\n\n<p>El evento se concretar\u00e1 con motivo de la venidera celebraci\u00f3n navide\u00f1a<strong>. Lo har\u00e1n cumpliendo con los protocolos de bioseguridad, para el disfrute de los vecinos y ser\u00e1 transmitido por las redes sociales del Municipio.<\/strong><\/p>\n","protected":false},"excerpt":{"rendered":"<p>Lo har\u00e1n cumpliendo con los protocolos de bioseguridad y ser\u00e1 transmitido por las redes sociales del Municipio. Este mi\u00e9rcoles 16&hellip;<\/p>\n","protected":false},"author":3,"featured_media":11129,"comment_status":"closed","ping_status":"open","sticky":false,"template":"","format":"standard","meta":{"footnotes":""},"categories":[2],"tags":[66,67,836,864,1102,419,420,572,617],"class_list":["post-11127","post","type-post","status-publish","format-standard","has-post-thumbnail","hentry","category-cultura-y-espectaculos","tag-arroyito","tag-arroyito-cordoba","tag-arroyito-online","tag-cultura-y-espectaculos-online","tag-gobierno-municipal","tag-hogar-de-ancianos","tag-hogar-de-ancianos-arroyito","tag-noticias-de-arroyito-y-zona","tag-pesebre"],"_links":{"self":[{"href":"https:\/\/arroyitoonline.com.ar\/index.php?rest_route=\/wp\/v2\/posts\/11127","targetHints":{"allow":["GET"]}}],"collection":[{"href":"https:\/\/arroyitoonline.com.ar\/index.php?rest_route=\/wp\/v2\/posts"}],"about":[{"href":"https:\/\/arroyitoonline.com.ar\/index.php?rest_route=\/wp\/v2\/types\/post"}],"author":[{"embeddable":true,"href":"https:\/\/arroyitoonline.com.ar\/index.php?rest_route=\/wp\/v2\/users\/3"}],"replies":[{"embeddable":true,"href":"https:\/\/arroyitoonline.com.ar\/index.php?rest_route=%2Fwp%2Fv2%2Fcomments&post=11127"}],"version-history":[{"count":2,"href":"https:\/\/arroyitoonline.com.ar\/index.php?rest_route=\/wp\/v2\/posts\/11127\/revisions"}],"predecessor-version":[{"id":11143,"href":"https:\/\/arroyitoonline.com.ar\/index.php?rest_route=\/wp\/v2\/posts\/11127\/revisions\/11143"}],"wp:featuredmedia":[{"embeddable":true,"href":"https:\/\/arroyitoonline.com.ar\/index.php?rest_route=\/wp\/v2\/media\/11129"}],"wp:attachment":[{"href":"https:\/\/arroyitoonline.com.ar\/index.php?rest_route=%2Fwp%2Fv2%2Fmedia&parent=11127"}],"wp:term":[{"taxonomy":"category","embeddable":true,"href":"https:\/\/arroyitoonline.com.ar\/index.php?rest_route=%2Fwp%2Fv2%2Fcategories&post=11127"},{"taxonomy":"post_tag","embeddable":true,"href":"https:\/\/arroyitoonline.com.ar\/index.php?rest_route=%2Fwp%2Fv2%2Ftags&post=11127"}],"curies":[{"name":"wp","href":"https:\/\/api.w.org\/{rel}","templated":true}]}}