{"id":11140,"date":"2020-12-18T02:49:19","date_gmt":"2020-12-18T02:49:19","guid":{"rendered":"https:\/\/arroyitoonline.com.ar\/?p=11140"},"modified":"2020-12-18T02:49:30","modified_gmt":"2020-12-18T02:49:30","slug":"benedetti-movio-las-piezas-dentro-del-gabinete-designando-nuevas-autoridades","status":"publish","type":"post","link":"https:\/\/arroyitoonline.com.ar\/?p=11140","title":{"rendered":"Benedetti movi\u00f3 las piezas dentro del Gabinete designando nuevas autoridades"},"content":{"rendered":"\n<p><strong>El intendente tambi\u00e9n anunci\u00f3 la construcci\u00f3n de dos pozos de agua durante el pr\u00f3ximo a\u00f1o. <\/strong><\/p>\n\n\n\n<p>D\u00edas pasados, el <strong>intendente Gustavo Benedetti <\/strong>ha designado a <strong>nuevas autoridades municipales, que significaron cambios en Asesor\u00eda Letrada, Coordinaci\u00f3n General de Gabinete y Direcci\u00f3n Administrativa del Hospital Municipal<\/strong> Carlos J. Rodr\u00edguez. Adem\u00e1s, el jefe municipal <strong>ha puesto en funcionamiento la Asesor\u00eda General de Seguridad.<\/strong><\/p>\n\n\n\n<p><em>\u201cEstamos conformando un equipo que integre a todos, porque&nbsp;no hay un gobierno de un partido, ni de un sector; se trata de un gobierno que quiere representar a todos los arroyitenses\u201d<\/em>, estableci\u00f3 Benedetti, en el marco de los anuncios. Adem\u00e1s agreg\u00f3 que <em>\u201cel desarrollo de la salud y la seguridad para la ciudad son fundamentales, innegociables\u201d<\/em>.<\/p>\n\n\n\n<p>En esta l\u00ednea, como estipula la Carta Org\u00e1nica Municipal de la Ciudad de Arroyito en su art. 91\u00b0, el intendente ha designado al\u00a0<strong>Asesor Letrado, <\/strong>de acuerdo con el Concejo Deliberante. Ha dispuesto en tal funci\u00f3n, <strong>a trav\u00e9s del Decreto N\u00b0 524 \u2013 c\/20, al abogado Mart\u00edn Ar\u00e9valo<\/strong>, quien realiz\u00f3 la jura correspondiente.<\/p>\n\n\n\n<figure class=\"wp-block-image\"><img decoding=\"async\" src=\"https:\/\/www.municipioarroyito.gob.ar\/wp-content\/uploads\/2020\/12\/autoridades-dic-2020-2-1024x685.jpeg\" alt=\"\" class=\"wp-image-30975\"\/><figcaption><em>Tras la presentaci\u00f3n su renuncia al cargo de coordinador General de Gabinete -que no fue aceptada por Benedetti-, Ar\u00e9valo migr\u00f3 a la Asesor\u00eda Letrada.<\/em><\/figcaption><\/figure>\n\n\n\n<p>Por su parte, para el cargo de<strong>&nbsp;Coordinaci\u00f3n General de Gabinete, ha sido designado el exconcejal Javier Novara, a trav\u00e9s del Decreto N\u00b0 522- c\/20<\/strong>. Novara cuenta con una basta experiencia en el ejercicio de las funciones p\u00fablica y pol\u00edtica.<\/p>\n\n\n\n<figure class=\"wp-block-image\"><img decoding=\"async\" src=\"https:\/\/www.municipioarroyito.gob.ar\/wp-content\/uploads\/2020\/12\/autoridades-dic-2020-3-1024x686.jpeg\" alt=\"\" class=\"wp-image-30974\"\/><figcaption><em>Novara, con basta experiencia en las funciones p\u00fablica y pol\u00edtica, asumi\u00f3 como coordinador General de Gabinete. <\/em><\/figcaption><\/figure>\n\n\n\n<p><strong>Luego de ambas designaciones formales, Benedetti&nbsp;anunci\u00f3 que la Direcci\u00f3n Administrativa del Hospital Carlos J. Rodr\u00edguez ahora est\u00e1 a cargo de Adri\u00e1n Carnevale<\/strong>. El vocero del CEA asume <em>&#8220;con el objetivo de fortalecer la Administraci\u00f3n P\u00fablica Municipal, mejorando de forma constante, para dar respuesta a los arroyitenses y a una ciudad siempre pujante y de continua evoluci\u00f3n&#8221;<\/em> -dijeron- considerando que Carnevale <em>&#8220;se ha desempe\u00f1ado exitosamente durante la pandemia covid-19, en el \u00e1rea de Salud&#8221;<\/em>.<\/p>\n\n\n\n<figure class=\"wp-block-image\"><img decoding=\"async\" src=\"https:\/\/www.municipioarroyito.gob.ar\/wp-content\/uploads\/2020\/12\/autoridades-dic-2020-4-1024x683.jpeg\" alt=\"\" class=\"wp-image-30973\"\/><figcaption><em>Adri\u00e1n Carnavale fue designado al frente de la Direcci\u00f3n Administrativa del hospital.<\/em><\/figcaption><\/figure>\n\n\n\n<p><strong>Por \u00faltimo, el primer mandatario local inform\u00f3 la creaci\u00f3n de la Asesor\u00eda General de Seguridad, que nuclear\u00e1 el trabajo de las Fuerzas Provinciales y Nacionales, con Seguridad Ciudadana, los inspectores de Tr\u00e1nsito y de Comercio. <\/strong><\/p>\n\n\n\n<p><strong>El cargo recae en el ex-Suboficial de Polic\u00eda de la Provincia de C\u00f3rdoba, Javier Alejandro Baldisarri,<\/strong>\u00a0quien cuenta con una trayectoria reconocida en materia de seguridad en toda la Provincia, habiendo sido parte de la Brigada Explosivos C\u00f3rdoba y comisario de Investigaciones, entre otras innumerables cualidades.<\/p>\n\n\n\n<figure class=\"wp-block-image\"><img decoding=\"async\" src=\"https:\/\/www.municipioarroyito.gob.ar\/wp-content\/uploads\/2020\/12\/autoridades-dic-2020-5-1024x683.jpeg\" alt=\"\" class=\"wp-image-30972\"\/><\/figure>\n\n\n\n<p>Al final del encuentro, Benedetti\u00a0<strong>anunci\u00f3 la realizaci\u00f3n de dos pozos de agua el a\u00f1o pr\u00f3ximo: uno cuya construcci\u00f3n comenzar\u00e1 en enero y otro que se ejecutar\u00e1 en el transcurso de 2021, a trav\u00e9s de un acuerdo con AMA.<\/strong><\/p>\n","protected":false},"excerpt":{"rendered":"<p>El intendente tambi\u00e9n anunci\u00f3 la construcci\u00f3n de dos pozos de agua durante el pr\u00f3ximo a\u00f1o. D\u00edas pasados, el intendente Gustavo&hellip;<\/p>\n","protected":false},"author":3,"featured_media":11150,"comment_status":"closed","ping_status":"open","sticky":false,"template":"","format":"standard","meta":{"footnotes":""},"categories":[829],"tags":[66,67,836,115,1102,968,868,555,556,572,1002],"class_list":["post-11140","post","type-post","status-publish","format-standard","has-post-thumbnail","hentry","category-municipales-online","tag-arroyito","tag-arroyito-cordoba","tag-arroyito-online","tag-benedetti","tag-gobierno-municipal","tag-gustavo-benedetti","tag-municipales-online","tag-municipalidad","tag-municipalidad-de-arroyito","tag-noticias-de-arroyito-y-zona","tag-novara"],"_links":{"self":[{"href":"https:\/\/arroyitoonline.com.ar\/index.php?rest_route=\/wp\/v2\/posts\/11140","targetHints":{"allow":["GET"]}}],"collection":[{"href":"https:\/\/arroyitoonline.com.ar\/index.php?rest_route=\/wp\/v2\/posts"}],"about":[{"href":"https:\/\/arroyitoonline.com.ar\/index.php?rest_route=\/wp\/v2\/types\/post"}],"author":[{"embeddable":true,"href":"https:\/\/arroyitoonline.com.ar\/index.php?rest_route=\/wp\/v2\/users\/3"}],"replies":[{"embeddable":true,"href":"https:\/\/arroyitoonline.com.ar\/index.php?rest_route=%2Fwp%2Fv2%2Fcomments&post=11140"}],"version-history":[{"count":2,"href":"https:\/\/arroyitoonline.com.ar\/index.php?rest_route=\/wp\/v2\/posts\/11140\/revisions"}],"predecessor-version":[{"id":11152,"href":"https:\/\/arroyitoonline.com.ar\/index.php?rest_route=\/wp\/v2\/posts\/11140\/revisions\/11152"}],"wp:featuredmedia":[{"embeddable":true,"href":"https:\/\/arroyitoonline.com.ar\/index.php?rest_route=\/wp\/v2\/media\/11150"}],"wp:attachment":[{"href":"https:\/\/arroyitoonline.com.ar\/index.php?rest_route=%2Fwp%2Fv2%2Fmedia&parent=11140"}],"wp:term":[{"taxonomy":"category","embeddable":true,"href":"https:\/\/arroyitoonline.com.ar\/index.php?rest_route=%2Fwp%2Fv2%2Fcategories&post=11140"},{"taxonomy":"post_tag","embeddable":true,"href":"https:\/\/arroyitoonline.com.ar\/index.php?rest_route=%2Fwp%2Fv2%2Ftags&post=11140"}],"curies":[{"name":"wp","href":"https:\/\/api.w.org\/{rel}","templated":true}]}}