{"id":11153,"date":"2020-12-18T03:06:07","date_gmt":"2020-12-18T03:06:07","guid":{"rendered":"https:\/\/arroyitoonline.com.ar\/?p=11153"},"modified":"2020-12-21T12:03:32","modified_gmt":"2020-12-21T12:03:32","slug":"standard-electrics-presento-subterraneo-su-cuarto-single-del-ano","status":"publish","type":"post","link":"https:\/\/arroyitoonline.com.ar\/?p=11153","title":{"rendered":"Standard Electrics present\u00f3 &#8220;Subterr\u00e1neo&#8221;, su cuarto single del a\u00f1o"},"content":{"rendered":"\n<p><strong>Los tres temas previos que lanz\u00f3 la banda durante 2020 fueron <em>&#8220;El insoportable arte de mantener conversaciones\u201d<\/em>, <em>\u201cNegaci\u00f3n\u201d<\/em> e <em>&#8220;Imagen&#8221;<\/em>.<\/strong><\/p>\n\n\n\n<p><strong>Standard Electrics<\/strong>\u00a0public\u00f3\u00a0en redes sociales su cuarto y \u00faltimo single del a\u00f1o, <strong><em>\u201cSubterr\u00e1neo\u201d<\/em><\/strong>, que desde el 5 de enero se sumar\u00e1 tambi\u00e9n a Spotify. Se trata de una canci\u00f3n que hace mucho hincapi\u00e9 en la melod\u00eda de la voz y en la interacci\u00f3n de las guitarras; sin dejar de lado el ritmo s\u00f3lido que ofrecen la bater\u00eda y el bajo.<\/p>\n\n\n\n<figure class=\"wp-block-embed-youtube wp-block-embed is-type-video is-provider-youtube wp-embed-aspect-16-9 wp-has-aspect-ratio\"><div class=\"wp-block-embed__wrapper\">\n<div class=\"epyt-video-wrapper\"><iframe loading=\"lazy\"  style=\"display: block; margin: 0px auto;\"  id=\"_ytid_65190\"  width=\"1140\" height=\"641\"  data-origwidth=\"1140\" data-origheight=\"641\" src=\"https:\/\/www.youtube.com\/embed\/6IQzh7w57yM?enablejsapi=1&#038;autoplay=0&#038;cc_load_policy=1&#038;cc_lang_pref=&#038;iv_load_policy=3&#038;loop=0&#038;rel=1&#038;fs=1&#038;playsinline=0&#038;autohide=2&#038;theme=dark&#038;color=red&#038;controls=1&#038;disablekb=0&#038;\" class=\"__youtube_prefs__  epyt-is-override  no-lazyload\" title=\"YouTube player\"  allow=\"fullscreen; accelerometer; autoplay; clipboard-write; encrypted-media; gyroscope; picture-in-picture; web-share\" referrerpolicy=\"strict-origin-when-cross-origin\" allowfullscreen data-no-lazy=\"1\" data-skipgform_ajax_framebjll=\"\"><\/iframe><\/div>\n<\/div><figcaption><em>ESCUCH\u00c1 &#8220;SUBTERR\u00c1NEO&#8221; EN YOUTUBE<\/em><\/figcaption><\/figure>\n\n\n\n<p>Inspirado en el viaje express por 24 horas a Buenos Aires, de uno de los integrantes, que estuvo casi la mitad del d\u00eda&nbsp;bajo tierra yendo de un punto a otro de la ciudad, en este caso la letra toma al subterr\u00e1neo como una met\u00e1fora de la alienaci\u00f3n y el desinter\u00e9s de la gente por lo que la rodea, ya sea sus pares, la cultura o los problemas sociales, sin olvidarse del dilema de las redes sociales, con su b\u00fasqueda artificial de la una belleza hegem\u00f3nica, las plataformas musicales que eligen lo que uno oye y -en un agregado de \u00faltimo momento- la pandemia que nos transform\u00f3 la vida a todos:<\/p>\n\n\n\n<p><em>&#8220;Nadie habla con nadie ni se escucha la radio; solo se piensa en lo \u00e1rido dentro del subterr\u00e1neo. Hacen ruido las calles sobre el subterr\u00e1neo donde los rostros son p\u00e1lidos. Confinamiento espont\u00e1neo&#8221;<\/em>, dice la letra. <\/p>\n\n\n\n<p>Por su parte, en el arte de &#8220;tapa&#8221; (dig\u00e1mosle as\u00ed aunque no estamos hablando de un material f\u00edsico), vemos a un hombre que fue fotografiado en el subte porte\u00f1o por el artista de Arroyito \u00c1lvaro Mart\u00edn, y quien no gener\u00f3 el llamativo aspecto azul de la imagen por computadora si no mediante una t\u00e9cnica denominada cianotipia, sumergiendo la foto en un l\u00edquido.<\/p>\n\n\n\n<figure class=\"wp-block-image size-large\"><img loading=\"lazy\" decoding=\"async\" width=\"1024\" height=\"1024\" src=\"https:\/\/arroyitoonline.com.ar\/wp-content\/uploads\/2020\/12\/tapa-suberraneo-dic-2020-1400x1400-1-1024x1024.jpg\" alt=\"\" class=\"wp-image-11155\" srcset=\"https:\/\/arroyitoonline.com.ar\/wp-content\/uploads\/2020\/12\/tapa-suberraneo-dic-2020-1400x1400-1-1024x1024.jpg 1024w, https:\/\/arroyitoonline.com.ar\/wp-content\/uploads\/2020\/12\/tapa-suberraneo-dic-2020-1400x1400-1-300x300.jpg 300w, https:\/\/arroyitoonline.com.ar\/wp-content\/uploads\/2020\/12\/tapa-suberraneo-dic-2020-1400x1400-1-150x150.jpg 150w, https:\/\/arroyitoonline.com.ar\/wp-content\/uploads\/2020\/12\/tapa-suberraneo-dic-2020-1400x1400-1-768x768.jpg 768w, https:\/\/arroyitoonline.com.ar\/wp-content\/uploads\/2020\/12\/tapa-suberraneo-dic-2020-1400x1400-1.jpg 1200w\" sizes=\"auto, (max-width: 1024px) 100vw, 1024px\" \/><figcaption><em>El arte de tapa estuvo a cargo del artista de Arroyito \u00c1lvaro Mart\u00edn<\/em><\/figcaption><\/figure>\n\n\n\n<p>En 2020, Standard&nbsp;Electrics&nbsp;cumpli\u00f3 cinco a\u00f1os, y uno con su nueva formaci\u00f3n:&nbsp;Tomi Ciancia (voz y bajo),&nbsp;Lepo (voz y guitarra),&nbsp;Pacho Dell Erba (guitarra), Corcho Gonz\u00e1lez (bater\u00eda). Antes, hab\u00eda formado parte el baterista Nico Bravo.&nbsp;<\/p>\n\n\n\n<p>La banda sigue en el proceso de publicaci\u00f3n de temas que deb\u00edan salir en el primer semestre de 2020, pero cuyo desarrollo se vio afectado por la imposibilidad de trabajar con normalidad en el estudio<\/p>\n\n\n\n<p>De esa tanda, resta que vean la luz dos canciones, y luego la idea es comenzar a grabar temas nuevos, ya que el grupo es uno de los 100 elegidos de C\u00f3rdoba, Santa Fe y Entre R\u00edos, para tener el respaldo del Instituto Nacional de la M\u00fasica, en un proyecto que debe plasmarse en un margen de cuatro meses.<\/p>\n\n\n\n<p>Los tres temas previos que lanz\u00f3 la banda este a\u00f1o fueron &#8220;El insoportable arte de mantener conversaciones\u201d, \u201cNegaci\u00f3n\u201d e &#8220;Imagen&#8221;.<\/p>\n\n\n\n<p>El primero hab\u00eda sonado en radios del hemisferio norte, de <a href=\"https:\/\/www.facebook.com\/watch\/?v=220301545964963\" target=\"_blank\" rel=\"noreferrer noopener\">Estados Unidos<\/a> e <a href=\"https:\/\/www.facebook.com\/watch\/?v=781505582610473\">Inglaterra<\/a>.<\/p>\n\n\n\n<p>Los m\u00fasicos afirman que en el contexto de la pandemia, sin poder tocar ni trasladarse, herramientas como las redes sociales y el idioma ingl\u00e9s, les han resultado fundamentales. Pero se hace ya muy necesario el contacto con el p\u00fablico, y esperan volver a tocar dentro de los primeros meses de 2021.&nbsp;<br><\/p>\n\n\n\n<p>Todo el material de la banda se encuentra en:&nbsp;<\/p>\n\n\n\n<p><a href=\"http:\/\/standardelectrics.bandcamp.com\/\" target=\"_blank\" rel=\"noreferrer noopener\">http:\/\/standardelectrics.bandcamp.com<\/a><\/p>\n\n\n\n<p><strong>Redes sociales<\/strong><\/p>\n\n\n\n<p>Facebook:&nbsp;<a href=\"https:\/\/www.facebook.com\/standardelectrics\" rel=\"noreferrer noopener\" target=\"_blank\">https:\/\/www.facebook.com\/standardelectrics<\/a><\/p>\n\n\n\n<p>Instagram:&nbsp;<a href=\"https:\/\/www.instagram.com\/standardelectrics\" rel=\"noreferrer noopener\" target=\"_blank\">https:\/\/www.instagram.com\/standardelectrics<\/a><\/p>\n\n\n\n<p>Web:&nbsp;<a href=\"https:\/\/subniveldiscos.com\/artistas\/standard-electrics\/\" rel=\"noreferrer noopener\" target=\"_blank\">https:\/\/subniveldiscos.com\/artistas\/standard-electrics\/<\/a><\/p>\n","protected":false},"excerpt":{"rendered":"<p>Los tres temas previos que lanz\u00f3 la banda durante 2020 fueron &#8220;El insoportable arte de mantener conversaciones\u201d, \u201cNegaci\u00f3n\u201d e &#8220;Imagen&#8221;.&hellip;<\/p>\n","protected":false},"author":3,"featured_media":11154,"comment_status":"closed","ping_status":"open","sticky":false,"template":"","format":"standard","meta":{"footnotes":""},"categories":[826],"tags":[66,67,836,1152,351,862,559,572,1191],"class_list":["post-11153","post","type-post","status-publish","format-standard","has-post-thumbnail","hentry","category-espectaculos-online","tag-arroyito","tag-arroyito-cordoba","tag-arroyito-online","tag-covid-19","tag-espectaculos","tag-espectaculos-online","tag-musica","tag-noticias-de-arroyito-y-zona","tag-standard-electrics"],"_links":{"self":[{"href":"https:\/\/arroyitoonline.com.ar\/index.php?rest_route=\/wp\/v2\/posts\/11153","targetHints":{"allow":["GET"]}}],"collection":[{"href":"https:\/\/arroyitoonline.com.ar\/index.php?rest_route=\/wp\/v2\/posts"}],"about":[{"href":"https:\/\/arroyitoonline.com.ar\/index.php?rest_route=\/wp\/v2\/types\/post"}],"author":[{"embeddable":true,"href":"https:\/\/arroyitoonline.com.ar\/index.php?rest_route=\/wp\/v2\/users\/3"}],"replies":[{"embeddable":true,"href":"https:\/\/arroyitoonline.com.ar\/index.php?rest_route=%2Fwp%2Fv2%2Fcomments&post=11153"}],"version-history":[{"count":2,"href":"https:\/\/arroyitoonline.com.ar\/index.php?rest_route=\/wp\/v2\/posts\/11153\/revisions"}],"predecessor-version":[{"id":11173,"href":"https:\/\/arroyitoonline.com.ar\/index.php?rest_route=\/wp\/v2\/posts\/11153\/revisions\/11173"}],"wp:featuredmedia":[{"embeddable":true,"href":"https:\/\/arroyitoonline.com.ar\/index.php?rest_route=\/wp\/v2\/media\/11154"}],"wp:attachment":[{"href":"https:\/\/arroyitoonline.com.ar\/index.php?rest_route=%2Fwp%2Fv2%2Fmedia&parent=11153"}],"wp:term":[{"taxonomy":"category","embeddable":true,"href":"https:\/\/arroyitoonline.com.ar\/index.php?rest_route=%2Fwp%2Fv2%2Fcategories&post=11153"},{"taxonomy":"post_tag","embeddable":true,"href":"https:\/\/arroyitoonline.com.ar\/index.php?rest_route=%2Fwp%2Fv2%2Ftags&post=11153"}],"curies":[{"name":"wp","href":"https:\/\/api.w.org\/{rel}","templated":true}]}}