{"id":11157,"date":"2020-12-17T22:14:00","date_gmt":"2020-12-17T22:14:00","guid":{"rendered":"https:\/\/arroyitoonline.com.ar\/?p=11157"},"modified":"2020-12-18T03:43:27","modified_gmt":"2020-12-18T03:43:27","slug":"productor-agropecuario-de-sacanta-alquilo-un-avion-y-recupero-los-dos-tractores-que-le-robaron","status":"publish","type":"post","link":"https:\/\/arroyitoonline.com.ar\/?p=11157","title":{"rendered":"Productor agropecuario de Sacanta alquil\u00f3 un avi\u00f3n y recuper\u00f3 los dos tractores que le robaron"},"content":{"rendered":"\n<p><strong>Las maquinarias, valuadas en 10 millones de pesos, aparecieron en la localidad de Frontera.<\/strong><\/p>\n\n\n\n<p>Era s\u00e1bado a la noche. Delincuentes le robaron sus\u00a0<strong>dos tractores<\/strong>, valuados en 10 millones de pesos. A la ma\u00f1ana siguiente, ya sab\u00eda que se encontraban en otra provincia, luego de que colegas le informaran que los vieron cruzar por San Francisco.<\/p>\n\n\n\n<figure class=\"wp-block-embed-wordpress wp-block-embed is-type-wp-embed is-provider-arroyito-online\"><div class=\"wp-block-embed__wrapper\">\nhttps:\/\/arroyitoonline.com.ar\/info-online\/policiales-online\/robaron-dos-tractores-en-un-campo\/\n<\/div><\/figure>\n\n\n\n<p>Gabriel Terreno, productor de la vecina localidad de Sacanta,\u00a0<strong>ide\u00f3 un plan para el recupero sus herramientas de trabajo<\/strong>. Despu\u00e9s de hacer la denuncia, alquil\u00f3 un avi\u00f3n en el AeroClub de Las Varillas y, junto al comisario Diego Rodr\u00edguez, <strong>viaj\u00f3 hacia la localidad santafesina de Frontera<\/strong>.<\/p>\n\n\n\n<p>Una vez en el lugar, sobrevolaron la zona.\u00a0<strong><em>&#8220;Dimos muchas vueltas a 300 metros de altura hasta que los encontramos. Los vi en un patio&#8221;<\/em><\/strong>, relat\u00f3 la v\u00edctima en di\u00e1logo con<em><strong>\u00a0El Show del Lagarto<\/strong><\/em>, tras divisar un techo rojo y celeste.<\/p>\n\n\n\n<p><em>&#8220;Comenzamos a gritar arriba del avi\u00f3n. Empezamos a estudiar y contar las calles, el piloto un genio&#8221;<\/em>, resalt\u00f3 Terreno recordando la haza\u00f1a. Por \u00faltimo, lograron ubicarse, descendieron y el piloto volvi\u00f3 a volar y desde arriba les daba indicaciones.<\/p>\n\n\n\n<p>Luego llegaron al lugar donde se encontraban los tractores -zona de desarmaderos-, la Polic\u00eda de Santa Fe rode\u00f3 la manzana hasta que lograron secuestrarlos despu\u00e9s de una hora y media. <em>&#8220;Ahora estamos en plan burocr\u00e1tico de entrega. Por suerte estaban a la intemperie y eso nos facilit\u00f3 encontrarlos&#8221;<\/em>, agreg\u00f3.<\/p>\n\n\n\n<p>Si bien agradeci\u00f3 la colaboraci\u00f3n y predisposici\u00f3n de la Polic\u00eda de ambas provincias, cuestion\u00f3 la falta elementos con los que cuentan para la realizaci\u00f3n de operativos: <em>&#8220;Yo me pregunto, \u00bfpor qu\u00e9 tuve que alquilar un avi\u00f3n?; \u00bfpor qu\u00e9 no tienen drone? Claramente es una decisi\u00f3n pol\u00edtica&#8221;<\/em>.<\/p>\n\n\n\n<p><strong><em>&#8220;No me robaron una gallina, estamos hablando de un robo de 10 millones de pesos, herramientas de trabajo&#8221;<\/em><\/strong>, sentenci\u00f3 el productor.\u00a0<em>&#8220;Hoy que estoy en fr\u00edo, me doy cuenta de la locura que hice&#8221;<\/em>, cerr\u00f3. Hasta el momento, no hay detenidos.<\/p>\n\n\n\n<p>Fuente: EL DOCE.<\/p>\n","protected":false},"excerpt":{"rendered":"<p>Las maquinarias, valuadas en 10 millones de pesos, aparecieron en la localidad de Frontera. Era s\u00e1bado a la noche. Delincuentes&hellip;<\/p>\n","protected":false},"author":3,"featured_media":11159,"comment_status":"closed","ping_status":"open","sticky":false,"template":"","format":"standard","meta":{"footnotes":""},"categories":[824],"tags":[66,67,836,572,635,637,638,825,693,702],"class_list":["post-11157","post","type-post","status-publish","format-standard","has-post-thumbnail","hentry","category-policiales-online","tag-arroyito","tag-arroyito-cordoba","tag-arroyito-online","tag-noticias-de-arroyito-y-zona","tag-policia","tag-policiales","tag-policiales-arroyito","tag-policiales-online","tag-robo","tag-sacanta"],"_links":{"self":[{"href":"https:\/\/arroyitoonline.com.ar\/index.php?rest_route=\/wp\/v2\/posts\/11157","targetHints":{"allow":["GET"]}}],"collection":[{"href":"https:\/\/arroyitoonline.com.ar\/index.php?rest_route=\/wp\/v2\/posts"}],"about":[{"href":"https:\/\/arroyitoonline.com.ar\/index.php?rest_route=\/wp\/v2\/types\/post"}],"author":[{"embeddable":true,"href":"https:\/\/arroyitoonline.com.ar\/index.php?rest_route=\/wp\/v2\/users\/3"}],"replies":[{"embeddable":true,"href":"https:\/\/arroyitoonline.com.ar\/index.php?rest_route=%2Fwp%2Fv2%2Fcomments&post=11157"}],"version-history":[{"count":2,"href":"https:\/\/arroyitoonline.com.ar\/index.php?rest_route=\/wp\/v2\/posts\/11157\/revisions"}],"predecessor-version":[{"id":11164,"href":"https:\/\/arroyitoonline.com.ar\/index.php?rest_route=\/wp\/v2\/posts\/11157\/revisions\/11164"}],"wp:featuredmedia":[{"embeddable":true,"href":"https:\/\/arroyitoonline.com.ar\/index.php?rest_route=\/wp\/v2\/media\/11159"}],"wp:attachment":[{"href":"https:\/\/arroyitoonline.com.ar\/index.php?rest_route=%2Fwp%2Fv2%2Fmedia&parent=11157"}],"wp:term":[{"taxonomy":"category","embeddable":true,"href":"https:\/\/arroyitoonline.com.ar\/index.php?rest_route=%2Fwp%2Fv2%2Fcategories&post=11157"},{"taxonomy":"post_tag","embeddable":true,"href":"https:\/\/arroyitoonline.com.ar\/index.php?rest_route=%2Fwp%2Fv2%2Ftags&post=11157"}],"curies":[{"name":"wp","href":"https:\/\/api.w.org\/{rel}","templated":true}]}}