{"id":11165,"date":"2020-12-18T03:57:43","date_gmt":"2020-12-18T03:57:43","guid":{"rendered":"https:\/\/arroyitoonline.com.ar\/?p=11165"},"modified":"2020-12-18T03:59:50","modified_gmt":"2020-12-18T03:59:50","slug":"joaquin-luduena-presento-su-segundo-disco-urbe","status":"publish","type":"post","link":"https:\/\/arroyitoonline.com.ar\/?p=11165","title":{"rendered":"Joaqu\u00edn Ludue\u00f1a present\u00f3 su segundo disco &#8220;Urbe&#8221;"},"content":{"rendered":"\n<p><strong>El trabajo discogr\u00e1fico del m\u00fasico local est\u00e1 disponible en todas las plataformas digitales: Spotify, Youtube, Claro M\u00fasica, Tik Tok, etc.<\/strong><\/p>\n\n\n\n<p>El viernes 11 de diciembre, el m\u00fasico de Arroyito <strong>Joaqu\u00edn Ludue\u00f1a<\/strong> present\u00f3 su segundo trabajo discogr\u00e1fico, <em><strong>&#8220;Urbe&#8221;<\/strong><\/em>.<\/p>\n\n\n\n<figure class=\"wp-block-embed-wordpress wp-block-embed is-type-wp-embed is-provider-arroyito-online\"><div class=\"wp-block-embed__wrapper\">\nhttps:\/\/arroyitoonline.com.ar\/info-online\/espectaculos-online\/dos-discos-de-joaquin-luduena-veran-la-luz-este-ano\/\n<\/div><\/figure>\n\n\n\n<p>El primero, <em>&#8220;Sideral&#8221;<\/em>, hab\u00eda visto la luz a mediados de 2017. Por su parte, el nuevo material fue grabado en La Casona Estudio (Arroyito), junto a Pacho Dell Erba; en Estudio Para\u00edso (C\u00f3rdoba) y en Espacio Est\u00e9reo (C\u00f3rdoba), junto a Juli\u00e1n Rey y Facundo Ver\u00f3n, entre febrero de 2019 y octubre de 2020.<\/p>\n\n\n\n<p>Los artistas invitadxs fueron: Lautaro Bobbio, Seba L\u00f3pez, Lara Fern\u00e1ndez, Yain Moya, David Ludue\u00f1a, Juli\u00e1n Rey, Ana Bel\u00e9n G\u00f3mez, Lautaro Signorile.<\/p>\n\n\n\n<p>Toda la producci\u00f3n del disco estuvo a cargo del propio Joaqu\u00edn Ludue\u00f1a. Mientras que la mezcla y el master fueron realizados por Juli\u00e1n Rey, en Estudio Para\u00edso.<\/p>\n\n\n\n<figure class=\"wp-block-image size-large\"><img loading=\"lazy\" decoding=\"async\" width=\"1024\" height=\"1024\" src=\"https:\/\/arroyitoonline.com.ar\/wp-content\/uploads\/2020\/12\/tapa_demo02-1024x1024.jpg\" alt=\"\" class=\"wp-image-11166\" srcset=\"https:\/\/arroyitoonline.com.ar\/wp-content\/uploads\/2020\/12\/tapa_demo02-1024x1024.jpg 1024w, https:\/\/arroyitoonline.com.ar\/wp-content\/uploads\/2020\/12\/tapa_demo02-300x300.jpg 300w, https:\/\/arroyitoonline.com.ar\/wp-content\/uploads\/2020\/12\/tapa_demo02-150x150.jpg 150w, https:\/\/arroyitoonline.com.ar\/wp-content\/uploads\/2020\/12\/tapa_demo02-768x768.jpg 768w, https:\/\/arroyitoonline.com.ar\/wp-content\/uploads\/2020\/12\/tapa_demo02-1536x1536.jpg 1536w, https:\/\/arroyitoonline.com.ar\/wp-content\/uploads\/2020\/12\/tapa_demo02-scaled.jpg 2048w\" sizes=\"auto, (max-width: 1024px) 100vw, 1024px\" \/><figcaption><em>La portada de &#8220;URBE&#8221;<\/em><\/figcaption><\/figure>\n\n\n\n<p>La foto de portada qued\u00f3 en manos de Gustavo Apfelbaum y fue editada por Blue Rose Producciones. Todas las ediciones de dise\u00f1o fueron<br>realizadas por Lauchanauta.<\/p>\n\n\n\n<p>El disco est\u00e1 disponible en todas las plataformas digitales: Spotify,<br>Youtube, Claro M\u00fasica, Tik Tok, etc.<\/p>\n\n\n\n<p>Lista de temas:<br>1 Acuarela<br>2 Ansiedad<br>3 Fiebre O Soledad<br>4 Jarr\u00f3n<br>5 Conexi\u00f3n<br>6 Buscar<br>7 La Ciudad<br>8 Siempre Llego Tarde<\/p>\n\n\n\n<p>En la actualidad, Ludue\u00f1a se encuentra trabajando en las nuevas<br>canciones que suceder\u00e1n a <em>\u201cURBE\u201d<\/em>, con la producci\u00f3n de Nahuel<br>Barbero (Hipn\u00f3tica) y Juli\u00e1n Rey (Rosa Profunda).<\/p>\n","protected":false},"excerpt":{"rendered":"<p>El trabajo discogr\u00e1fico del m\u00fasico local est\u00e1 disponible en todas las plataformas digitales: Spotify, Youtube, Claro M\u00fasica, Tik Tok, etc.&hellip;<\/p>\n","protected":false},"author":3,"featured_media":11167,"comment_status":"closed","ping_status":"open","sticky":false,"template":"","format":"standard","meta":{"footnotes":""},"categories":[826],"tags":[66,67,836,351,862,559,572,695],"class_list":["post-11165","post","type-post","status-publish","format-standard","has-post-thumbnail","hentry","category-espectaculos-online","tag-arroyito","tag-arroyito-cordoba","tag-arroyito-online","tag-espectaculos","tag-espectaculos-online","tag-musica","tag-noticias-de-arroyito-y-zona","tag-rock"],"_links":{"self":[{"href":"https:\/\/arroyitoonline.com.ar\/index.php?rest_route=\/wp\/v2\/posts\/11165","targetHints":{"allow":["GET"]}}],"collection":[{"href":"https:\/\/arroyitoonline.com.ar\/index.php?rest_route=\/wp\/v2\/posts"}],"about":[{"href":"https:\/\/arroyitoonline.com.ar\/index.php?rest_route=\/wp\/v2\/types\/post"}],"author":[{"embeddable":true,"href":"https:\/\/arroyitoonline.com.ar\/index.php?rest_route=\/wp\/v2\/users\/3"}],"replies":[{"embeddable":true,"href":"https:\/\/arroyitoonline.com.ar\/index.php?rest_route=%2Fwp%2Fv2%2Fcomments&post=11165"}],"version-history":[{"count":2,"href":"https:\/\/arroyitoonline.com.ar\/index.php?rest_route=\/wp\/v2\/posts\/11165\/revisions"}],"predecessor-version":[{"id":11169,"href":"https:\/\/arroyitoonline.com.ar\/index.php?rest_route=\/wp\/v2\/posts\/11165\/revisions\/11169"}],"wp:featuredmedia":[{"embeddable":true,"href":"https:\/\/arroyitoonline.com.ar\/index.php?rest_route=\/wp\/v2\/media\/11167"}],"wp:attachment":[{"href":"https:\/\/arroyitoonline.com.ar\/index.php?rest_route=%2Fwp%2Fv2%2Fmedia&parent=11165"}],"wp:term":[{"taxonomy":"category","embeddable":true,"href":"https:\/\/arroyitoonline.com.ar\/index.php?rest_route=%2Fwp%2Fv2%2Fcategories&post=11165"},{"taxonomy":"post_tag","embeddable":true,"href":"https:\/\/arroyitoonline.com.ar\/index.php?rest_route=%2Fwp%2Fv2%2Ftags&post=11165"}],"curies":[{"name":"wp","href":"https:\/\/api.w.org\/{rel}","templated":true}]}}