{"id":11174,"date":"2020-12-21T14:29:41","date_gmt":"2020-12-21T14:29:41","guid":{"rendered":"https:\/\/arroyitoonline.com.ar\/?p=11174"},"modified":"2020-12-21T14:29:43","modified_gmt":"2020-12-21T14:29:43","slug":"chocaron-una-moto-y-un-auto-la-acompanante-del-rodado-menor-resulto-con-lesiones-graves","status":"publish","type":"post","link":"https:\/\/arroyitoonline.com.ar\/?p=11174","title":{"rendered":"Chocaron una moto y un auto: la acompa\u00f1ante del rodado menor result\u00f3 con lesiones graves"},"content":{"rendered":"\n<p><strong>Se trata de una joven de 27 a\u00f1os. En la Appia 150 CC tambi\u00e9n iba un menor de un a\u00f1o.<\/strong><\/p>\n\n\n\n<p>El s\u00e1bado a las 20:25 horas, la Polic\u00eda tom\u00f3 conocimiento de un accidente de tr\u00e1nsito con lesiones graves, en la intersecci\u00f3n de Roque S. Pe\u00f1a y Av. Mariano Moreno.<\/p>\n\n\n\n<p>Momentos antes, un Peugeot 408 \u2013conducido por una mujer (52 a\u00f1os)- que circulaba por Roque S. Pe\u00f1a en sentido de norte a sur, colision\u00f3 con una moto Appia 150 CC \u2013conducida por un joven (22 a\u00f1os), acompa\u00f1ado por una femenina (27 a\u00f1os) y un menor de un a\u00f1o- que andaba por Moreno, en sentido de oeste a este.<\/p>\n\n\n\n<p>Producto de la colisi\u00f3n, la acompa\u00f1ante del rodado menor fue trasladada al Hospital Municipal Carlos J. Rodr\u00edguez, donde se le diagnosticaron lesiones de car\u00e1cter graves. A continuaci\u00f3n, la Polic\u00eda secuestr\u00f3 ambos veh\u00edculos e intervino la Fiscal\u00eda de Instrucci\u00f3n de Arroyito.<\/p>\n\n\n\n<p>Fuente: informe de la oficial Insp. Soledad Torletto.<\/p>\n","protected":false},"excerpt":{"rendered":"<p>Se trata de una joven de 27 a\u00f1os. En la Appia 150 CC tambi\u00e9n iba un menor de un a\u00f1o.&hellip;<\/p>\n","protected":false},"author":3,"featured_media":9908,"comment_status":"closed","ping_status":"open","sticky":false,"template":"","format":"standard","meta":{"footnotes":""},"categories":[824],"tags":[66,67,836,191,572,635,637,638,825],"class_list":["post-11174","post","type-post","status-publish","format-standard","has-post-thumbnail","hentry","category-policiales-online","tag-arroyito","tag-arroyito-cordoba","tag-arroyito-online","tag-choque","tag-noticias-de-arroyito-y-zona","tag-policia","tag-policiales","tag-policiales-arroyito","tag-policiales-online"],"_links":{"self":[{"href":"https:\/\/arroyitoonline.com.ar\/index.php?rest_route=\/wp\/v2\/posts\/11174","targetHints":{"allow":["GET"]}}],"collection":[{"href":"https:\/\/arroyitoonline.com.ar\/index.php?rest_route=\/wp\/v2\/posts"}],"about":[{"href":"https:\/\/arroyitoonline.com.ar\/index.php?rest_route=\/wp\/v2\/types\/post"}],"author":[{"embeddable":true,"href":"https:\/\/arroyitoonline.com.ar\/index.php?rest_route=\/wp\/v2\/users\/3"}],"replies":[{"embeddable":true,"href":"https:\/\/arroyitoonline.com.ar\/index.php?rest_route=%2Fwp%2Fv2%2Fcomments&post=11174"}],"version-history":[{"count":1,"href":"https:\/\/arroyitoonline.com.ar\/index.php?rest_route=\/wp\/v2\/posts\/11174\/revisions"}],"predecessor-version":[{"id":11175,"href":"https:\/\/arroyitoonline.com.ar\/index.php?rest_route=\/wp\/v2\/posts\/11174\/revisions\/11175"}],"wp:featuredmedia":[{"embeddable":true,"href":"https:\/\/arroyitoonline.com.ar\/index.php?rest_route=\/wp\/v2\/media\/9908"}],"wp:attachment":[{"href":"https:\/\/arroyitoonline.com.ar\/index.php?rest_route=%2Fwp%2Fv2%2Fmedia&parent=11174"}],"wp:term":[{"taxonomy":"category","embeddable":true,"href":"https:\/\/arroyitoonline.com.ar\/index.php?rest_route=%2Fwp%2Fv2%2Fcategories&post=11174"},{"taxonomy":"post_tag","embeddable":true,"href":"https:\/\/arroyitoonline.com.ar\/index.php?rest_route=%2Fwp%2Fv2%2Ftags&post=11174"}],"curies":[{"name":"wp","href":"https:\/\/api.w.org\/{rel}","templated":true}]}}