{"id":11215,"date":"2020-12-29T22:23:01","date_gmt":"2020-12-29T22:23:01","guid":{"rendered":"https:\/\/arroyitoonline.com.ar\/?p=11215"},"modified":"2020-12-29T22:25:08","modified_gmt":"2020-12-29T22:25:08","slug":"sigue-la-polemica-por-la-foto-de-las-3000-personas-en-el-balneario","status":"publish","type":"post","link":"https:\/\/arroyitoonline.com.ar\/?p=11215","title":{"rendered":"Sigue la pol\u00e9mica por la foto de las 3000 personas en el Balneario"},"content":{"rendered":"\n<p><strong>Habl\u00f3 el secretario de Gobierno. Solera se\u00f1al\u00f3 a los empresarios de la noche como quienes subieron fotos a las redes sociales y hablaron de fiesta clandestina.<\/strong><\/p>\n\n\n\n<p>En las \u00faltimas horas aparecieron im\u00e1genes y denuncias en las redes sociales, sobre una fiesta realizada el fin de semana, con m\u00e1s de 3.000 j\u00f3venes en el Balneario local. Seg\u00fan las publicaciones hubo alcoholizados y heridos.<\/p>\n\n\n\n<p>En este sentido, el secretario de Gobierno del Gobierno Municipal, Jos\u00e9 Solera, reconoci\u00f3 que <em>&#8220;hubo una reuni\u00f3n de unos 2.500 j\u00f3venes en el balneario municipal&#8221;<\/em>.<\/p>\n\n\n\n<p><em>&#8220;Los j\u00f3venes van en sus veh\u00edculos, escuchan m\u00fasica, beben algo, adem\u00e1s la Costanera y el Balneario son considerados lugares tur\u00edsticos. El mayor de edad puede hacerlo, no hay ninguna prohibici\u00f3n salv\u00f3 las limitaciones decretadas por el tema de la pandemia&#8221;<\/em>, agreg\u00f3.<\/p>\n\n\n\n<p>Adem\u00e1s, el funcionario apel\u00f3 a la responsabilidad social. <em>&#8220;En esta etapa del virus estamos en el cuidado individual, todo depende de cada persona. Por ejemplo, aqu\u00ed en Arroyito no es obligatorio circular con el barbijo colocado, es la persona que lo debe tomar por conciencia propia&#8221;<\/em>, dijo.<\/p>\n\n\n\n<p><em>&#8220;No s\u00e9 porque hablan de fiestas clandestinas, el lugar es un sector tur\u00edstico y en consecuencia no hay ninguna prohibici\u00f3n para que los j\u00f3venes se re\u00fanan all\u00ed&#8221;<\/em>, afirm\u00f3 Solera a&nbsp;<strong>LA VOZ DE SAN JUSTO.&nbsp;&nbsp;<\/strong><\/p>\n\n\n\n<p><em>&#8220;Todos saben que el Balneario y la Costanera son los lugares elegidos por los j\u00f3venes durante el verano y lo que se trata de hacer es brindar la mayor contenci\u00f3n posible para que no haya ning\u00fan tipo de desm\u00e1n ni problemas, algo que no ocurri\u00f3&#8221;<\/em>.<\/p>\n\n\n\n<p>El secretario tambi\u00e9n destac\u00f3 que <em>&#8220;muchos de los j\u00f3venes concurrentes se tomaron el trabajo de asear el lugar que hab\u00edan ocupado. A las 8:00 de la ma\u00f1ana todo el sector estaba limpio&#8221;<\/em> y agreg\u00f3 que <em>&#8220;los j\u00f3venes comenzaron a concentrase a partir de las 3:00 y a las 6:30 empez\u00f3 a verse una lenta dispersi\u00f3n&#8221;<\/em>.<\/p>\n\n\n\n<h4 class=\"wp-block-heading\"><strong>Hubo multas<\/strong><\/h4>\n\n\n\n<p>El secretario de Gobierno indic\u00f3 que se labraron <em>&#8220;muchas actas de infracci\u00f3n por alcoholemia positiva, mal estacionamiento y conducci\u00f3n indebida. Los conductores infraccionados en su mayor\u00eda provienen de localidades cercanas a Arroyito, como San Francisco, Tr\u00e1nsito, R\u00edo Primero, La Francia, entre otros lugares&#8221;<\/em>.<\/p>\n\n\n\n<h4 class=\"wp-block-heading\"><strong>Festejos del 31<\/strong><\/h4>\n\n\n\n<p>Consultado sobre los festejos de A\u00f1o Nuevo, el funcionario adelant\u00f3 que <em>&#8220;vamos a fortalecer el trabajo de Seguridad Ciudadana, especialmente en altas horas de la noche y esperamos la mayor colaboraci\u00f3n de parte de la Polic\u00eda, la cual est\u00e1 cubierta en cuanto al requerimiento de seguridad en la ciudad&#8221;<\/em>.<\/p>\n\n\n\n<h4 class=\"wp-block-heading\"><strong>Responsabilizan a los bolicheros<\/strong><\/h4>\n\n\n\n<p>Por \u00faltimo, en medio de la insistencia del sector para que se autorice, bajo protocolos de bioseguridad, la apertura de locales bailables, <strong>Solera se\u00f1al\u00f3 a los empresarios de la noche como quienes subieron fotos a las redes sociales y hablaron de fiesta clandestina<\/strong>.<\/p>\n\n\n\n<p>Fuente: LA VOZ DE SAN JUSTO.<\/p>\n","protected":false},"excerpt":{"rendered":"<p>Habl\u00f3 el secretario de Gobierno. Solera se\u00f1al\u00f3 a los empresarios de la noche como quienes subieron fotos a las redes&hellip;<\/p>\n","protected":false},"author":3,"featured_media":11216,"comment_status":"closed","ping_status":"open","sticky":false,"template":"","format":"standard","meta":{"footnotes":""},"categories":[900],"tags":[66,67,836,95,125,1108,1069,1152,572],"class_list":["post-11215","post","type-post","status-publish","format-standard","has-post-thumbnail","hentry","category-noticias","tag-arroyito","tag-arroyito-cordoba","tag-arroyito-online","tag-balneario","tag-boliches","tag-coronavirus","tag-costanera","tag-covid-19","tag-noticias-de-arroyito-y-zona"],"_links":{"self":[{"href":"https:\/\/arroyitoonline.com.ar\/index.php?rest_route=\/wp\/v2\/posts\/11215","targetHints":{"allow":["GET"]}}],"collection":[{"href":"https:\/\/arroyitoonline.com.ar\/index.php?rest_route=\/wp\/v2\/posts"}],"about":[{"href":"https:\/\/arroyitoonline.com.ar\/index.php?rest_route=\/wp\/v2\/types\/post"}],"author":[{"embeddable":true,"href":"https:\/\/arroyitoonline.com.ar\/index.php?rest_route=\/wp\/v2\/users\/3"}],"replies":[{"embeddable":true,"href":"https:\/\/arroyitoonline.com.ar\/index.php?rest_route=%2Fwp%2Fv2%2Fcomments&post=11215"}],"version-history":[{"count":2,"href":"https:\/\/arroyitoonline.com.ar\/index.php?rest_route=\/wp\/v2\/posts\/11215\/revisions"}],"predecessor-version":[{"id":11218,"href":"https:\/\/arroyitoonline.com.ar\/index.php?rest_route=\/wp\/v2\/posts\/11215\/revisions\/11218"}],"wp:featuredmedia":[{"embeddable":true,"href":"https:\/\/arroyitoonline.com.ar\/index.php?rest_route=\/wp\/v2\/media\/11216"}],"wp:attachment":[{"href":"https:\/\/arroyitoonline.com.ar\/index.php?rest_route=%2Fwp%2Fv2%2Fmedia&parent=11215"}],"wp:term":[{"taxonomy":"category","embeddable":true,"href":"https:\/\/arroyitoonline.com.ar\/index.php?rest_route=%2Fwp%2Fv2%2Fcategories&post=11215"},{"taxonomy":"post_tag","embeddable":true,"href":"https:\/\/arroyitoonline.com.ar\/index.php?rest_route=%2Fwp%2Fv2%2Ftags&post=11215"}],"curies":[{"name":"wp","href":"https:\/\/api.w.org\/{rel}","templated":true}]}}