{"id":11243,"date":"2021-01-04T14:36:24","date_gmt":"2021-01-04T14:36:24","guid":{"rendered":"https:\/\/arroyitoonline.com.ar\/?p=11243"},"modified":"2021-01-04T14:36:26","modified_gmt":"2021-01-04T14:36:26","slug":"el-fuertecito-agredio-a-su-pareja-y-fue-detenido","status":"publish","type":"post","link":"https:\/\/arroyitoonline.com.ar\/?p=11243","title":{"rendered":"El Fuertecito: agredi\u00f3 a su pareja y fue detenido"},"content":{"rendered":"\n<p><strong>La Polic\u00eda procedi\u00f3 a la aprehensi\u00f3n de un masculino de 25 a\u00f1os quien agredi\u00f3 de manera f\u00edsica y verbal a la joven de 22.<\/strong><\/p>\n\n\n\n<p>Este s\u00e1bado 2 de enero, a las 12:30 horas, la Polic\u00eda recibi\u00f3 un llamado a la l\u00ednea de emergencias 101 dando aviso de que, en calle Do\u00f1a Severa al 200 del paraje El Fuertecito, habr\u00eda un episodio de violencia familiar.<\/p>\n\n\n\n<p>Por este motivo se constituy\u00f3 personal policial en el lugar entrevistando a una joven de 22 a\u00f1os quien sufri\u00f3 este hecho con su pareja, que la habr\u00eda agredido de manera verbal y f\u00edsica.<\/p>\n\n\n\n<p>La Polic\u00eda procedi\u00f3 a la aprehensi\u00f3n de un masculino de 25 a\u00f1os quien se encontraba en el mismo domicilio, quedando alojado a disposici\u00f3n de la Fiscal\u00eda de Instrucci\u00f3n de la ciudad de Arroyito.<\/p>\n\n\n\n<p>Fuente: informe de la oficial Insp. Soledad Torletto, Comisar\u00eda Distrito Arroyito.<\/p>\n\n\n\n<p><em>Si padec\u00e9s alg\u00fan tipo de maltrato comunicate con la l\u00ednea gratuita de contenci\u00f3n, informaci\u00f3n y asesoramiento para la prevenci\u00f3n de la violencia de g\u00e9nero. Llam\u00e1 al 144. Ped\u00ed ayuda, es el primer paso.<\/em><\/p>\n","protected":false},"excerpt":{"rendered":"<p>La Polic\u00eda procedi\u00f3 a la aprehensi\u00f3n de un masculino de 25 a\u00f1os quien agredi\u00f3 de manera f\u00edsica y verbal a&hellip;<\/p>\n","protected":false},"author":3,"featured_media":9911,"comment_status":"closed","ping_status":"open","sticky":false,"template":"","format":"standard","meta":{"footnotes":""},"categories":[824],"tags":[66,67,836,572,635,637,638,825,808,809,810],"class_list":["post-11243","post","type-post","status-publish","format-standard","has-post-thumbnail","hentry","category-policiales-online","tag-arroyito","tag-arroyito-cordoba","tag-arroyito-online","tag-noticias-de-arroyito-y-zona","tag-policia","tag-policiales","tag-policiales-arroyito","tag-policiales-online","tag-violencia","tag-violencia-de-genero","tag-violencia-familiar"],"_links":{"self":[{"href":"https:\/\/arroyitoonline.com.ar\/index.php?rest_route=\/wp\/v2\/posts\/11243","targetHints":{"allow":["GET"]}}],"collection":[{"href":"https:\/\/arroyitoonline.com.ar\/index.php?rest_route=\/wp\/v2\/posts"}],"about":[{"href":"https:\/\/arroyitoonline.com.ar\/index.php?rest_route=\/wp\/v2\/types\/post"}],"author":[{"embeddable":true,"href":"https:\/\/arroyitoonline.com.ar\/index.php?rest_route=\/wp\/v2\/users\/3"}],"replies":[{"embeddable":true,"href":"https:\/\/arroyitoonline.com.ar\/index.php?rest_route=%2Fwp%2Fv2%2Fcomments&post=11243"}],"version-history":[{"count":1,"href":"https:\/\/arroyitoonline.com.ar\/index.php?rest_route=\/wp\/v2\/posts\/11243\/revisions"}],"predecessor-version":[{"id":11244,"href":"https:\/\/arroyitoonline.com.ar\/index.php?rest_route=\/wp\/v2\/posts\/11243\/revisions\/11244"}],"wp:featuredmedia":[{"embeddable":true,"href":"https:\/\/arroyitoonline.com.ar\/index.php?rest_route=\/wp\/v2\/media\/9911"}],"wp:attachment":[{"href":"https:\/\/arroyitoonline.com.ar\/index.php?rest_route=%2Fwp%2Fv2%2Fmedia&parent=11243"}],"wp:term":[{"taxonomy":"category","embeddable":true,"href":"https:\/\/arroyitoonline.com.ar\/index.php?rest_route=%2Fwp%2Fv2%2Fcategories&post=11243"},{"taxonomy":"post_tag","embeddable":true,"href":"https:\/\/arroyitoonline.com.ar\/index.php?rest_route=%2Fwp%2Fv2%2Ftags&post=11243"}],"curies":[{"name":"wp","href":"https:\/\/api.w.org\/{rel}","templated":true}]}}