{"id":11245,"date":"2021-01-04T14:55:54","date_gmt":"2021-01-04T14:55:54","guid":{"rendered":"https:\/\/arroyitoonline.com.ar\/?p=11245"},"modified":"2021-01-04T14:55:56","modified_gmt":"2021-01-04T14:55:56","slug":"arroyito-nacio-benicio-el-primer-bebe-de-2021","status":"publish","type":"post","link":"https:\/\/arroyitoonline.com.ar\/?p=11245","title":{"rendered":"Arroyito: naci\u00f3 Benicio, el primer beb\u00e9 de 2021"},"content":{"rendered":"\n<p><strong>Vino al mundo a las 9:55 horas del 1 de enero del nuevo a\u00f1o. Est\u00e1 en perfectas condiciones de salud.<\/strong><\/p>\n\n\n\n<p>En la ma\u00f1ana de este viernes 1 de enero, a las 9:55 horas, naci\u00f3 Benicio.<\/p>\n\n\n\n<p>El primer beb\u00e9 de Arroyito del a\u00f1o 2021, que vino al mundo con 2,180 Kg, se encuentra en perfectas condiciones de salud. <\/p>\n\n\n\n<figure class=\"wp-block-image size-large\"><img loading=\"lazy\" decoding=\"async\" width=\"960\" height=\"960\" src=\"https:\/\/arroyitoonline.com.ar\/wp-content\/uploads\/2021\/01\/enfermeras-y-benicio.jpg\" alt=\"\" class=\"wp-image-11247\" srcset=\"https:\/\/arroyitoonline.com.ar\/wp-content\/uploads\/2021\/01\/enfermeras-y-benicio.jpg 960w, https:\/\/arroyitoonline.com.ar\/wp-content\/uploads\/2021\/01\/enfermeras-y-benicio-300x300.jpg 300w, https:\/\/arroyitoonline.com.ar\/wp-content\/uploads\/2021\/01\/enfermeras-y-benicio-150x150.jpg 150w, https:\/\/arroyitoonline.com.ar\/wp-content\/uploads\/2021\/01\/enfermeras-y-benicio-768x768.jpg 768w\" sizes=\"auto, (max-width: 960px) 100vw, 960px\" \/><figcaption><em>Las enfermeras del hospital municipal con Benicio<\/em><\/figcaption><\/figure>\n\n\n\n<p>Su nacimiento se produjo en el Hospital Municipal Carlos J. Rodr\u00edguez y la flamante mam\u00e1, Carla, tambi\u00e9n se recupera de manera \u00f3ptima. <\/p>\n\n\n\n<p>Agradecemos las fotos a la enfermera Lorena Brunotto.<\/p>\n","protected":false},"excerpt":{"rendered":"<p>Vino al mundo a las 9:55 horas del 1 de enero del nuevo a\u00f1o. Est\u00e1 en perfectas condiciones de salud.&hellip;<\/p>\n","protected":false},"author":3,"featured_media":11246,"comment_status":"closed","ping_status":"open","sticky":false,"template":"","format":"standard","meta":{"footnotes":""},"categories":[866],"tags":[1198,66,67,836,1076,561,572,1197,1068],"class_list":["post-11245","post","type-post","status-publish","format-standard","has-post-thumbnail","hentry","category-historias-online","tag-1198","tag-arroyito","tag-arroyito-cordoba","tag-arroyito-online","tag-historias-online","tag-nacimiento","tag-noticias-de-arroyito-y-zona","tag-primer-bebe","tag-primer-nacimiento-del-ano"],"_links":{"self":[{"href":"https:\/\/arroyitoonline.com.ar\/index.php?rest_route=\/wp\/v2\/posts\/11245","targetHints":{"allow":["GET"]}}],"collection":[{"href":"https:\/\/arroyitoonline.com.ar\/index.php?rest_route=\/wp\/v2\/posts"}],"about":[{"href":"https:\/\/arroyitoonline.com.ar\/index.php?rest_route=\/wp\/v2\/types\/post"}],"author":[{"embeddable":true,"href":"https:\/\/arroyitoonline.com.ar\/index.php?rest_route=\/wp\/v2\/users\/3"}],"replies":[{"embeddable":true,"href":"https:\/\/arroyitoonline.com.ar\/index.php?rest_route=%2Fwp%2Fv2%2Fcomments&post=11245"}],"version-history":[{"count":1,"href":"https:\/\/arroyitoonline.com.ar\/index.php?rest_route=\/wp\/v2\/posts\/11245\/revisions"}],"predecessor-version":[{"id":11248,"href":"https:\/\/arroyitoonline.com.ar\/index.php?rest_route=\/wp\/v2\/posts\/11245\/revisions\/11248"}],"wp:featuredmedia":[{"embeddable":true,"href":"https:\/\/arroyitoonline.com.ar\/index.php?rest_route=\/wp\/v2\/media\/11246"}],"wp:attachment":[{"href":"https:\/\/arroyitoonline.com.ar\/index.php?rest_route=%2Fwp%2Fv2%2Fmedia&parent=11245"}],"wp:term":[{"taxonomy":"category","embeddable":true,"href":"https:\/\/arroyitoonline.com.ar\/index.php?rest_route=%2Fwp%2Fv2%2Fcategories&post=11245"},{"taxonomy":"post_tag","embeddable":true,"href":"https:\/\/arroyitoonline.com.ar\/index.php?rest_route=%2Fwp%2Fv2%2Ftags&post=11245"}],"curies":[{"name":"wp","href":"https:\/\/api.w.org\/{rel}","templated":true}]}}