{"id":11251,"date":"2021-01-06T12:58:31","date_gmt":"2021-01-06T12:58:31","guid":{"rendered":"https:\/\/arroyitoonline.com.ar\/?p=11251"},"modified":"2021-01-06T13:08:59","modified_gmt":"2021-01-06T13:08:59","slug":"berardo-fue-designado-director-de-la-departamental-san-justo","status":"publish","type":"post","link":"https:\/\/arroyitoonline.com.ar\/?p=11251","title":{"rendered":"Berardo fue designado director de la Departamental San Justo"},"content":{"rendered":"\n<p><strong>Por primera vez, un polic\u00eda de Arroyito llega a lo m\u00e1s alto de la conducci\u00f3n departamental. Adem\u00e1s, ma\u00f1ana quedar\u00e1 inaugurado el Destacamento Policial en El Fuertecito.<\/strong><\/p>\n\n\n\n<p>El martes 29 de diciembre, en la ciudad de C\u00f3rdoba, designaron de manera oficial a los comisarios inspectores Pablo Luis Berardo y V\u00edctor Quevedo como director y subdirector de la Unidad Departamental San Justo.<\/p>\n\n\n\n<p>La decisi\u00f3n se tom\u00f3 tras una reuni\u00f3n mantenida entre la jefa de la Polic\u00eda de la provincia de C\u00f3rdoba, comisaria General Liliana Zarate Belletti; el titular de la Direcci\u00f3n Departamentales Norte, comisario Inspector Marcos Derfler, y otros miembros de la c\u00fapula policial cordobesa.<\/p>\n\n\n\n<figure class=\"wp-block-embed-wordpress wp-block-embed is-type-wp-embed is-provider-arroyito-online\"><div class=\"wp-block-embed__wrapper\">\nhttps:\/\/arroyitoonline.com.ar\/info-online\/policiales-online\/berardo-participo-en-china-de-la-jornada-de-lucha-contra-el-crimen-organizado-para-argentina-en-2019\/\n<\/div><\/figure>\n\n\n\n<p>Berardo y Quevedo se hab\u00edan hecho cargo de manera interina de la conducci\u00f3n de la Departamental San Justo el s\u00e1bado 26 de diciembre, tras el sorpresivo licenciamiento del ahora exdirector, comisario Mauricio Rantica.<\/p>\n\n\n\n<p>Berardo ven\u00eda desempe\u00f1\u00e1ndose como subdirector de la fuerza, en tanto que Quevedo era el jefe de la zona de inspecci\u00f3n 3\u00ba con asiento en Arroyito.<\/p>\n\n\n\n<p>Distintos hechos ocurridos en el \u00e1mbito de la Departamental San Justo desencadenaron, en primer t\u00e9rmino, la ida del comisario inspector Rub\u00e9n Caporali, quien ven\u00eda desempe\u00f1\u00e1ndose como jefe de la zona de inspecci\u00f3n 1\u00ba y a cargo de la divisi\u00f3n operaciones. En la actualidad, Caporali se encuentra en la Departamental Punilla con asiento en la ciudad de Villa Carlos Paz.<\/p>\n\n\n\n<p>Despu\u00e9s, el comisario Ariel Figueroa, quien ven\u00eda desempe\u00f1\u00e1ndose como jefe de Personal, fue licenciado. Ambas medidas habr\u00edan estado relacionadas al maltrato que ambos jefes policiales (Caporali y Figueroa) le hab\u00edan prodigado a una mujer polic\u00eda que presta servicios en el Centro de Monitoreo por Im\u00e1genes.<\/p>\n\n\n\n<p>El licenciamiento del comisario mayor Rantica habr\u00eda obedecido a una situaci\u00f3n originada en la provisi\u00f3n, por parte de la multinacional ZF Sachs, de 12 amortiguadores para una marca de veh\u00edculo (Ford Focus), que la Polic\u00eda de C\u00f3rdoba no posee.<\/p>\n\n\n\n<p>Al hacerse p\u00fablica esta situaci\u00f3n, se dijo que el env\u00edo de los repuestos hab\u00eda sido por error ya que estos hab\u00edan sido gestionados para la delegaci\u00f3n local de la Polic\u00eda Federal Argentina que s\u00ed tiene ese tipo de veh\u00edculos.<\/p>\n\n\n\n<p>A\u00fan se desconoce la fecha en la que se realizar\u00e1 el acto formal de asunci\u00f3n de los nuevos jefes de la Departamental San Justo, quienes, desde la reuni\u00f3n del pasado martes, quedaron confirmados en sus cargos.<\/p>\n\n\n\n<p>Fuente: La Radio 102.9 FM Brinkmann.<\/p>\n\n\n\n<p><strong>La opini\u00f3n de Benedetti<\/strong><\/p>\n\n\n\n<p>Al respecto de los nombramientos, el&nbsp;<strong>intendente Gustavo Benedetti<\/strong>&nbsp;se\u00f1al\u00f3 que:&nbsp;<strong><em>\u201cNunca en la historia, un arroyitense fue designado jefe del Departamento, por lo que la designaci\u00f3n de nuestro vecino Pablo Berardo como director de la Departamental San Justo, que creci\u00f3 ac\u00e1 como todos nosotros, y por supuesto tambi\u00e9n la designaci\u00f3n de V\u00edctor Quevedo como subdirector, nos llena de orgullo\u201d<\/em><\/strong>.<\/p>\n\n\n\n<p>A esto se suma la&nbsp;<strong>esperada inauguraci\u00f3n del Destacamento Policial en El Fuertecito -este jueves 7 a las 10:00 horas-, que <em>&#8220;gracias a las gestiones municipales&#8221;<\/em> -dijeron desde la actual administraci\u00f3n- se realizar\u00e1 esta semana y funcionar\u00e1 tambi\u00e9n como Base Rural de Zona Norte<\/strong>, brindando seguridad a una vasta poblaci\u00f3n rural que se encuentra a la redonda.<\/p>\n\n\n\n<p><strong>Este hecho, que se posterg\u00f3 por m\u00e1s de 50 a\u00f1os en la historia<\/strong>&nbsp;de las necesidades de El Fuertecito<strong>,&nbsp;<\/strong>contar\u00e1 con la<strong>&nbsp;presencia del ministro de Seguridad Alfonso Mosquera&nbsp;<\/strong>y con la<strong>&nbsp;nueva jefa de Polic\u00eda, comisaria Gral. Liliana Zarate Belletti.<\/strong><\/p>\n\n\n\n<p><em>\u201cLa&nbsp;<strong>recuperaci\u00f3n del v\u00ednculo con la Provincia, que no se manten\u00eda desde hace varios a\u00f1os, est\u00e1 dando sus frutos.<\/strong>&nbsp;Lo mismo sucede a nivel nacional, ya que todas las \u00e1reas municipales gestionan y traccionan por el bienestar de Arroyito,&nbsp;<strong>m\u00e1s all\u00e1 de los colores partidarios individuales y de los colores las gestiones, como siempre se debi\u00f3 hacer, tanto con Provincia, como con Naci\u00f3n.&nbsp;<\/strong>Es un logro important\u00edsimo de esta gesti\u00f3n, haber&nbsp;<strong>recuperado los lazos Institucionales en la localidad y con los niveles superiores<\/strong>\u201d<\/em>, finaliz\u00f3 el intendente Benedetti, al recibir las noticias.<\/p>\n","protected":false},"excerpt":{"rendered":"<p>Por primera vez, un polic\u00eda de Arroyito llega a lo m\u00e1s alto de la conducci\u00f3n departamental. Adem\u00e1s, ma\u00f1ana quedar\u00e1 inaugurado&hellip;<\/p>\n","protected":false},"author":3,"featured_media":6685,"comment_status":"closed","ping_status":"open","sticky":false,"template":"","format":"standard","meta":{"footnotes":""},"categories":[824],"tags":[66,67,836,1057,1199,572,635,637,638,825],"class_list":["post-11251","post","type-post","status-publish","format-standard","has-post-thumbnail","hentry","category-policiales-online","tag-arroyito","tag-arroyito-cordoba","tag-arroyito-online","tag-berardo","tag-destacamento-policial-el-fuertecito","tag-noticias-de-arroyito-y-zona","tag-policia","tag-policiales","tag-policiales-arroyito","tag-policiales-online"],"_links":{"self":[{"href":"https:\/\/arroyitoonline.com.ar\/index.php?rest_route=\/wp\/v2\/posts\/11251","targetHints":{"allow":["GET"]}}],"collection":[{"href":"https:\/\/arroyitoonline.com.ar\/index.php?rest_route=\/wp\/v2\/posts"}],"about":[{"href":"https:\/\/arroyitoonline.com.ar\/index.php?rest_route=\/wp\/v2\/types\/post"}],"author":[{"embeddable":true,"href":"https:\/\/arroyitoonline.com.ar\/index.php?rest_route=\/wp\/v2\/users\/3"}],"replies":[{"embeddable":true,"href":"https:\/\/arroyitoonline.com.ar\/index.php?rest_route=%2Fwp%2Fv2%2Fcomments&post=11251"}],"version-history":[{"count":2,"href":"https:\/\/arroyitoonline.com.ar\/index.php?rest_route=\/wp\/v2\/posts\/11251\/revisions"}],"predecessor-version":[{"id":11253,"href":"https:\/\/arroyitoonline.com.ar\/index.php?rest_route=\/wp\/v2\/posts\/11251\/revisions\/11253"}],"wp:featuredmedia":[{"embeddable":true,"href":"https:\/\/arroyitoonline.com.ar\/index.php?rest_route=\/wp\/v2\/media\/6685"}],"wp:attachment":[{"href":"https:\/\/arroyitoonline.com.ar\/index.php?rest_route=%2Fwp%2Fv2%2Fmedia&parent=11251"}],"wp:term":[{"taxonomy":"category","embeddable":true,"href":"https:\/\/arroyitoonline.com.ar\/index.php?rest_route=%2Fwp%2Fv2%2Fcategories&post=11251"},{"taxonomy":"post_tag","embeddable":true,"href":"https:\/\/arroyitoonline.com.ar\/index.php?rest_route=%2Fwp%2Fv2%2Ftags&post=11251"}],"curies":[{"name":"wp","href":"https:\/\/api.w.org\/{rel}","templated":true}]}}