{"id":11255,"date":"2021-01-06T21:50:18","date_gmt":"2021-01-06T21:50:18","guid":{"rendered":"https:\/\/arroyitoonline.com.ar\/?p=11255"},"modified":"2021-01-06T21:50:31","modified_gmt":"2021-01-06T21:50:31","slug":"fallecio-motociclista-de-16-anos-que-choco-con-un-camion","status":"publish","type":"post","link":"https:\/\/arroyitoonline.com.ar\/?p=11255","title":{"rendered":"Falleci\u00f3 motociclista de 16 a\u00f1os que choc\u00f3 con un cami\u00f3n"},"content":{"rendered":"\n<p><strong>En el cami\u00f3n Ford modelo F-4000 iban dos ocupantes, ambos de 29 a\u00f1os, con domicilio en Balnearia. <\/strong><\/p>\n\n\n\n<p>Minutos antes de las 13:00 horas de hoy,\u00a0 se produjo un accidente de tr\u00e1nsito fatal, en Tom\u00e1s Ju\u00e1rez esquina Jos\u00e9 A. Vocos.<\/p>\n\n\n\n<p>En el lugar, se constituy\u00f3 personal policial constatando la colisi\u00f3n. Un cami\u00f3n Ford modelo F-4000 D color blanco, conducido por un masculino de 29 a\u00f1os acompa\u00f1ado por otro joven de la misma edad -ambos domiciliados en Balnearia-, circulaba por Tom\u00e1s Ju\u00e1rez, en sentido de este a oeste.<\/p>\n\n\n\n<p>Por causas que tratan de establecerse choc\u00f3 con una moto Honda Wave color rojo conducida por un menor de 16 a\u00f1os, quien andaba por Jos\u00e9 A. Vocos de sur a norte.<\/p>\n\n\n\n<p>En el sector se hizo presente el servicio de emergencias constatando el deceso del motociclista.<\/p>\n\n\n\n<p>En el caso tom\u00f3 participaci\u00f3n Fiscal\u00eda de Instrucci\u00f3n local, determinando la presencia de Polic\u00eda Judicial en el lugar y el traslado del cuerpo a la Morgue Judicial. Por \u00faltimo, se labraron actuaciones sumariales correspondientes.<\/p>\n\n\n\n<p>Fuente: informe de la oficial Insp. Soledad Torletto | Comisar\u00eda Distrito Arroyito.<\/p>\n","protected":false},"excerpt":{"rendered":"<p>En el cami\u00f3n Ford modelo F-4000 iban dos ocupantes, ambos de 29 a\u00f1os, con domicilio en Balnearia. Minutos antes de&hellip;<\/p>\n","protected":false},"author":3,"featured_media":9911,"comment_status":"closed","ping_status":"open","sticky":false,"template":"","format":"standard","meta":{"footnotes":""},"categories":[824],"tags":[66,67,836,191,572,635,637,638,825],"class_list":["post-11255","post","type-post","status-publish","format-standard","has-post-thumbnail","hentry","category-policiales-online","tag-arroyito","tag-arroyito-cordoba","tag-arroyito-online","tag-choque","tag-noticias-de-arroyito-y-zona","tag-policia","tag-policiales","tag-policiales-arroyito","tag-policiales-online"],"_links":{"self":[{"href":"https:\/\/arroyitoonline.com.ar\/index.php?rest_route=\/wp\/v2\/posts\/11255","targetHints":{"allow":["GET"]}}],"collection":[{"href":"https:\/\/arroyitoonline.com.ar\/index.php?rest_route=\/wp\/v2\/posts"}],"about":[{"href":"https:\/\/arroyitoonline.com.ar\/index.php?rest_route=\/wp\/v2\/types\/post"}],"author":[{"embeddable":true,"href":"https:\/\/arroyitoonline.com.ar\/index.php?rest_route=\/wp\/v2\/users\/3"}],"replies":[{"embeddable":true,"href":"https:\/\/arroyitoonline.com.ar\/index.php?rest_route=%2Fwp%2Fv2%2Fcomments&post=11255"}],"version-history":[{"count":1,"href":"https:\/\/arroyitoonline.com.ar\/index.php?rest_route=\/wp\/v2\/posts\/11255\/revisions"}],"predecessor-version":[{"id":11256,"href":"https:\/\/arroyitoonline.com.ar\/index.php?rest_route=\/wp\/v2\/posts\/11255\/revisions\/11256"}],"wp:featuredmedia":[{"embeddable":true,"href":"https:\/\/arroyitoonline.com.ar\/index.php?rest_route=\/wp\/v2\/media\/9911"}],"wp:attachment":[{"href":"https:\/\/arroyitoonline.com.ar\/index.php?rest_route=%2Fwp%2Fv2%2Fmedia&parent=11255"}],"wp:term":[{"taxonomy":"category","embeddable":true,"href":"https:\/\/arroyitoonline.com.ar\/index.php?rest_route=%2Fwp%2Fv2%2Fcategories&post=11255"},{"taxonomy":"post_tag","embeddable":true,"href":"https:\/\/arroyitoonline.com.ar\/index.php?rest_route=%2Fwp%2Fv2%2Ftags&post=11255"}],"curies":[{"name":"wp","href":"https:\/\/api.w.org\/{rel}","templated":true}]}}