{"id":11311,"date":"2021-01-08T13:24:23","date_gmt":"2021-01-08T13:24:23","guid":{"rendered":"https:\/\/arroyitoonline.com.ar\/?p=11311"},"modified":"2021-01-08T14:25:55","modified_gmt":"2021-01-08T14:25:55","slug":"inauguraron-el-destacamento-policial-el-fuertecito-y-base-operativa-rural-zona-norte","status":"publish","type":"post","link":"https:\/\/arroyitoonline.com.ar\/?p=11311","title":{"rendered":"Inauguraron el Destacamento Policial El Fuertecito y Base Operativa Rural Zona Norte"},"content":{"rendered":"\n<p><strong>El edificio de la calle Alicia Comba fue remodelado en su totalidad por el Municipio. La Sociedad Rural don\u00f3 el mobiliario. Estuvieron presentes el ministro de Seguridad y la jefa de la Polic\u00eda provincial.<\/strong><\/p>\n\n\n\n<p>Tras 30 a\u00f1os de espera, ayer qued\u00f3 inaugurado el<strong> Destacamento Policial El Fuertecito<\/strong> que tambi\u00e9n funcionar\u00e1 como<strong> Base Operativa Rural Zona Norte<\/strong>. El acto se desarroll\u00f3 durante la calurosa ma\u00f1ana del jueves 7 en la explanada del remodelado edificio de la calle Alicia Comba, en el vecino paraje.<\/p>\n\n\n\n<p>En la oportunidad, estuvieron presentes el ministro de Seguridad del Gobierno de C\u00f3rdoba, Alfonso Mosquera; la jefa de la Polic\u00eda de la Provincia, Liliana Z\u00e1rate Belletti; el director de las Departamentales Norte, Marcos Derfler; el intendente Gustavo Benedetti; los flamantes director y subdirector de la Unidad Regional Departamental San Justo, Pablo Berardo y V\u00edctor Quevedo; legisladores Ram\u00f3n Giraldi y Alberto Ambrosio; entre otras autoridades. <\/p>\n\n\n\n<p>El evento cont\u00f3 con los discursos de Benedetti, Derfler, Z\u00e1rate Belletti y Mosquera. M\u00e1s tarde, el cura p\u00e1rroco Gabriel Camusso bendijo las instalaciones instando a la fuerza a velar por una Polic\u00eda <em>&#8220;firme pero humanizada&#8221;<\/em>. Por \u00faltimo se produjo el corte de cinta y el ingreso de las autoridades y vecinos al nuevo destacamento.<\/p>\n\n\n\n<p>El inmueble donde se emplaza la nueva Base Operartiva fue puesto a disposici\u00f3n por el Municipio, refaccionado en su totalidad, dot\u00e1ndolo de los servicios de telefon\u00eda e Internet. Adem\u00e1s, el mobiliario fue donado por la Sociedad Rural Arroyito.<\/p>\n\n\n\n<p><em>\u201cTrabajamos con el objetivo de que la seguridad y la Polic\u00eda est\u00e9n cerca de la gente, para la contenci\u00f3n de los delitos, para garantizar a los vecinos el resguardo de nuestros ni\u00f1os, el resguardo de nuestro trabajo, el resguardo de nuestra seguridad\u201d<\/em>, indic\u00f3 Benedetti en la oportunidad.<\/p>\n\n\n\n<p><em>&#8220;Despu\u00e9s de 30 a\u00f1os de espera, logramos cumplir con el sue\u00f1o de los vecinos de El Fuertecito. El compromiso con el vecino y su seguridad y la importancia del trabajo compartido para lograr un bien com\u00fan, son los motores de este importante logro&#8221;<\/em>, se\u00f1alaron desde el Gobierno Municipal. <\/p>\n\n\n\n<p>Foto: Gobierno Municipal. <\/p>\n","protected":false},"excerpt":{"rendered":"<p>El edificio de la calle Alicia Comba fue remodelado en su totalidad por el Municipio. La Sociedad Rural don\u00f3 el&hellip;<\/p>\n","protected":false},"author":3,"featured_media":11312,"comment_status":"closed","ping_status":"open","sticky":false,"template":"","format":"standard","meta":{"footnotes":""},"categories":[824],"tags":[66,67,836,115,1057,404,405,1102,968,572,635,637,638],"class_list":["post-11311","post","type-post","status-publish","format-standard","has-post-thumbnail","hentry","category-policiales-online","tag-arroyito","tag-arroyito-cordoba","tag-arroyito-online","tag-benedetti","tag-berardo","tag-gobierno-de-cordoba","tag-gobierno-de-la-provincia","tag-gobierno-municipal","tag-gustavo-benedetti","tag-noticias-de-arroyito-y-zona","tag-policia","tag-policiales","tag-policiales-arroyito"],"_links":{"self":[{"href":"https:\/\/arroyitoonline.com.ar\/index.php?rest_route=\/wp\/v2\/posts\/11311","targetHints":{"allow":["GET"]}}],"collection":[{"href":"https:\/\/arroyitoonline.com.ar\/index.php?rest_route=\/wp\/v2\/posts"}],"about":[{"href":"https:\/\/arroyitoonline.com.ar\/index.php?rest_route=\/wp\/v2\/types\/post"}],"author":[{"embeddable":true,"href":"https:\/\/arroyitoonline.com.ar\/index.php?rest_route=\/wp\/v2\/users\/3"}],"replies":[{"embeddable":true,"href":"https:\/\/arroyitoonline.com.ar\/index.php?rest_route=%2Fwp%2Fv2%2Fcomments&post=11311"}],"version-history":[{"count":2,"href":"https:\/\/arroyitoonline.com.ar\/index.php?rest_route=\/wp\/v2\/posts\/11311\/revisions"}],"predecessor-version":[{"id":11325,"href":"https:\/\/arroyitoonline.com.ar\/index.php?rest_route=\/wp\/v2\/posts\/11311\/revisions\/11325"}],"wp:featuredmedia":[{"embeddable":true,"href":"https:\/\/arroyitoonline.com.ar\/index.php?rest_route=\/wp\/v2\/media\/11312"}],"wp:attachment":[{"href":"https:\/\/arroyitoonline.com.ar\/index.php?rest_route=%2Fwp%2Fv2%2Fmedia&parent=11311"}],"wp:term":[{"taxonomy":"category","embeddable":true,"href":"https:\/\/arroyitoonline.com.ar\/index.php?rest_route=%2Fwp%2Fv2%2Fcategories&post=11311"},{"taxonomy":"post_tag","embeddable":true,"href":"https:\/\/arroyitoonline.com.ar\/index.php?rest_route=%2Fwp%2Fv2%2Ftags&post=11311"}],"curies":[{"name":"wp","href":"https:\/\/api.w.org\/{rel}","templated":true}]}}