{"id":11324,"date":"2021-01-08T14:35:58","date_gmt":"2021-01-08T14:35:58","guid":{"rendered":"https:\/\/arroyitoonline.com.ar\/?p=11324"},"modified":"2021-01-08T14:36:01","modified_gmt":"2021-01-08T14:36:01","slug":"benedetti-firmo-convenio-para-atencion-de-afiliados-de-apross-en-el-hospital-municipal","status":"publish","type":"post","link":"https:\/\/arroyitoonline.com.ar\/?p=11324","title":{"rendered":"Benedetti firm\u00f3 convenio para atenci\u00f3n de afiliados de Apross en el hospital municipal"},"content":{"rendered":"\n<p><strong>Se estima que, en el lapso de 60 d\u00edas, los afiliados a la obra social provincial ya podr\u00e1n contar la atenci\u00f3n m\u00e9dica que soliciten.<\/strong><\/p>\n\n\n\n<p>El martes 5, mediante gestiones del intendente Gustavo Benedetti, se ha firmado el convenio que permitir\u00e1 que los afiliados de la Administraci\u00f3n Provincial de Seguro de Salud (Apross) tengan acceso al servicio m\u00e9dico en las instalaciones del Hospital Municipal Carlos J. Rodr\u00edguez.<\/p>\n\n\n\n<figure class=\"wp-block-image\"><img decoding=\"async\" src=\"https:\/\/www.municipioarroyito.gob.ar\/wp-content\/uploads\/2021\/01\/APROSS-2-1024x576.jpeg\" alt=\"\" class=\"wp-image-31424\"\/><figcaption><em>Firma del Convenio con Apross<\/em><\/figcaption><\/figure>\n\n\n\n<p>Este acuerdo tambi\u00e9n\u00a0<strong>incorporar\u00e1 nuevas prestaciones y especialidades m\u00e9dicas para la realizaci\u00f3n de estudios de alta complejidad, entre otros servicios.<\/strong><\/p>\n\n\n\n<p>Estar\u00e1n a cargo de la ejecuci\u00f3n del convenio la directora M\u00e9dica del nosocomio, Melina Gallo, y el director Administrativo del hospital, Adri\u00e1n Carnevale.<\/p>\n\n\n\n<p>Se estima que, en el lapso de 60 d\u00edas, los afiliados a la mutual provincial ya podr\u00e1n contar la atenci\u00f3n m\u00e9dica que soliciten.<\/p>\n\n\n\n<p>&#8220;<strong>La salud es nuestra prioridad. Seguimos trabajando juntos<\/strong>&#8220;, indicaron desde el Gobierno Municipal. <\/p>\n","protected":false},"excerpt":{"rendered":"<p>Se estima que, en el lapso de 60 d\u00edas, los afiliados a la obra social provincial ya podr\u00e1n contar la&hellip;<\/p>\n","protected":false},"author":3,"featured_media":11327,"comment_status":"closed","ping_status":"open","sticky":false,"template":"","format":"standard","meta":{"footnotes":""},"categories":[9],"tags":[1200,66,67,836,404,405,1102,426,1177,572,706],"class_list":["post-11324","post","type-post","status-publish","format-standard","has-post-thumbnail","hentry","category-infosalud","tag-apross","tag-arroyito","tag-arroyito-cordoba","tag-arroyito-online","tag-gobierno-de-cordoba","tag-gobierno-de-la-provincia","tag-gobierno-municipal","tag-hospital","tag-hospital-municipal-carlos-j-rodriguez","tag-noticias-de-arroyito-y-zona","tag-salud"],"_links":{"self":[{"href":"https:\/\/arroyitoonline.com.ar\/index.php?rest_route=\/wp\/v2\/posts\/11324","targetHints":{"allow":["GET"]}}],"collection":[{"href":"https:\/\/arroyitoonline.com.ar\/index.php?rest_route=\/wp\/v2\/posts"}],"about":[{"href":"https:\/\/arroyitoonline.com.ar\/index.php?rest_route=\/wp\/v2\/types\/post"}],"author":[{"embeddable":true,"href":"https:\/\/arroyitoonline.com.ar\/index.php?rest_route=\/wp\/v2\/users\/3"}],"replies":[{"embeddable":true,"href":"https:\/\/arroyitoonline.com.ar\/index.php?rest_route=%2Fwp%2Fv2%2Fcomments&post=11324"}],"version-history":[{"count":1,"href":"https:\/\/arroyitoonline.com.ar\/index.php?rest_route=\/wp\/v2\/posts\/11324\/revisions"}],"predecessor-version":[{"id":11328,"href":"https:\/\/arroyitoonline.com.ar\/index.php?rest_route=\/wp\/v2\/posts\/11324\/revisions\/11328"}],"wp:featuredmedia":[{"embeddable":true,"href":"https:\/\/arroyitoonline.com.ar\/index.php?rest_route=\/wp\/v2\/media\/11327"}],"wp:attachment":[{"href":"https:\/\/arroyitoonline.com.ar\/index.php?rest_route=%2Fwp%2Fv2%2Fmedia&parent=11324"}],"wp:term":[{"taxonomy":"category","embeddable":true,"href":"https:\/\/arroyitoonline.com.ar\/index.php?rest_route=%2Fwp%2Fv2%2Fcategories&post=11324"},{"taxonomy":"post_tag","embeddable":true,"href":"https:\/\/arroyitoonline.com.ar\/index.php?rest_route=%2Fwp%2Fv2%2Ftags&post=11324"}],"curies":[{"name":"wp","href":"https:\/\/api.w.org\/{rel}","templated":true}]}}