{"id":11339,"date":"2021-01-11T12:21:32","date_gmt":"2021-01-11T12:21:32","guid":{"rendered":"https:\/\/arroyitoonline.com.ar\/?p=11339"},"modified":"2021-01-11T12:51:43","modified_gmt":"2021-01-11T12:51:43","slug":"otro-joven-motociclista-murio-tras-perder-el-control-y-ser-atropellado","status":"publish","type":"post","link":"https:\/\/arroyitoonline.com.ar\/?p=11339","title":{"rendered":"Otro joven motociclista muri\u00f3 tras perder el control y ser atropellado"},"content":{"rendered":"\n<p><strong>El siniestro vial se produjo debajo del puente de circunvalaci\u00f3n del acceso este a la ciudad. <\/strong><\/p>\n\n\n\n<p>A las 22:40 del s\u00e1bado, se produjo un accidente fatal en el puente de circunvalaci\u00f3n del acceso este a nuestra ciudad. Minutos antes, a la altura del kil\u00f3metro 227 de la ruta 19, una moto Guerrero Trip G 110 cc conducida por Jonatan Domingo Vachilleri (29), domiciliado en Arroyito, protagoniz\u00f3 el siniestro. El accidente tambi\u00e9n involucr\u00f3 a un auto Peugeot 207 gris, que era guiado por Carlos Alberto Juncos (56), domiciliado en El Fuertecito.<\/p>\n\n\n\n<p>La moto y el auto circulaban en la misma direcci\u00f3n, de oeste a este. Por causas que se investigan, el conductor del rodado menor perdi\u00f3 el control debajo del puente y cay\u00f3 al asfalto. El Peugeot, que ven\u00eda detr\u00e1s, lo arroll\u00f3 y el joven muri\u00f3 de manera instant\u00e1nea.<\/p>\n\n\n\n<p>Una unidad del servicio de emergencias m\u00e9dicas se hizo presente en el lugar y constat\u00f3 el deceso del motociclista. Una dotaci\u00f3n de bomberos voluntarios, efectivos de la Comisar\u00eda Distrito Arroyito y de Polic\u00eda Cient\u00edfica de la ciudad de San Francisco tambi\u00e9n se constituyeron en la zona. En el caso tom\u00f3 participaci\u00f3n Fiscal\u00eda de Instrucci\u00f3n local labr\u00e1ndose las actuaciones sumariales correspondientes.<\/p>\n\n\n\n<p>Fuentes: La Voz de San Justo e informe de la oficial Insp. Soledad Torletto | Comisar\u00eda Distrito Arroyito. <\/p>\n\n\n\n<p><strong>Condolencias del Gobierno Municipal<\/strong><\/p>\n\n\n\n<figure class=\"wp-block-image size-large\"><img loading=\"lazy\" decoding=\"async\" width=\"954\" height=\"960\" src=\"https:\/\/arroyitoonline.com.ar\/wp-content\/uploads\/2021\/01\/Jonatan-vachilleri.jpeg\" alt=\"\" class=\"wp-image-11340\" srcset=\"https:\/\/arroyitoonline.com.ar\/wp-content\/uploads\/2021\/01\/Jonatan-vachilleri.jpeg 954w, https:\/\/arroyitoonline.com.ar\/wp-content\/uploads\/2021\/01\/Jonatan-vachilleri-298x300.jpeg 298w, https:\/\/arroyitoonline.com.ar\/wp-content\/uploads\/2021\/01\/Jonatan-vachilleri-150x150.jpeg 150w, https:\/\/arroyitoonline.com.ar\/wp-content\/uploads\/2021\/01\/Jonatan-vachilleri-768x773.jpeg 768w\" sizes=\"auto, (max-width: 954px) 100vw, 954px\" \/><figcaption><em>La imagen del joven fallecido, que envi\u00f3 junto a las condolencias, el Gobierno Municipal<\/em><\/figcaption><\/figure>\n\n\n\n<p>Tras conocerse la noticia del accidente fatal, el intendente Gustavo Benedetti, la viceintendente Mar\u00eda Jos\u00e9 Esp\u00f3sito y todo el equipo de Gobierno enviaron condolencias. Expresaron que <em>&#8220;acompa\u00f1an en este doloroso momento a la familia Vachilleri, debido a la p\u00e9rdida anticipada de Jonatan Domingo Vachilleri, quien integr\u00f3 el Municipio&#8221;<\/em> y agregaron que <em>&#8220;elevamos una oraci\u00f3n en su memoria&#8221;<\/em>.<\/p>\n","protected":false},"excerpt":{"rendered":"<p>El siniestro vial se produjo debajo del puente de circunvalaci\u00f3n del acceso este a la ciudad. A las 22:40 del&hellip;<\/p>\n","protected":false},"author":3,"featured_media":8868,"comment_status":"closed","ping_status":"open","sticky":false,"template":"","format":"standard","meta":{"footnotes":""},"categories":[824],"tags":[22,66,67,836,572,635,637,638,825,662,698,701],"class_list":["post-11339","post","type-post","status-publish","format-standard","has-post-thumbnail","hentry","category-policiales-online","tag-accidente","tag-arroyito","tag-arroyito-cordoba","tag-arroyito-online","tag-noticias-de-arroyito-y-zona","tag-policia","tag-policiales","tag-policiales-arroyito","tag-policiales-online","tag-puente-circunvalacion","tag-ruta-19","tag-ruta-nacional-n-19"],"_links":{"self":[{"href":"https:\/\/arroyitoonline.com.ar\/index.php?rest_route=\/wp\/v2\/posts\/11339","targetHints":{"allow":["GET"]}}],"collection":[{"href":"https:\/\/arroyitoonline.com.ar\/index.php?rest_route=\/wp\/v2\/posts"}],"about":[{"href":"https:\/\/arroyitoonline.com.ar\/index.php?rest_route=\/wp\/v2\/types\/post"}],"author":[{"embeddable":true,"href":"https:\/\/arroyitoonline.com.ar\/index.php?rest_route=\/wp\/v2\/users\/3"}],"replies":[{"embeddable":true,"href":"https:\/\/arroyitoonline.com.ar\/index.php?rest_route=%2Fwp%2Fv2%2Fcomments&post=11339"}],"version-history":[{"count":3,"href":"https:\/\/arroyitoonline.com.ar\/index.php?rest_route=\/wp\/v2\/posts\/11339\/revisions"}],"predecessor-version":[{"id":11346,"href":"https:\/\/arroyitoonline.com.ar\/index.php?rest_route=\/wp\/v2\/posts\/11339\/revisions\/11346"}],"wp:featuredmedia":[{"embeddable":true,"href":"https:\/\/arroyitoonline.com.ar\/index.php?rest_route=\/wp\/v2\/media\/8868"}],"wp:attachment":[{"href":"https:\/\/arroyitoonline.com.ar\/index.php?rest_route=%2Fwp%2Fv2%2Fmedia&parent=11339"}],"wp:term":[{"taxonomy":"category","embeddable":true,"href":"https:\/\/arroyitoonline.com.ar\/index.php?rest_route=%2Fwp%2Fv2%2Fcategories&post=11339"},{"taxonomy":"post_tag","embeddable":true,"href":"https:\/\/arroyitoonline.com.ar\/index.php?rest_route=%2Fwp%2Fv2%2Ftags&post=11339"}],"curies":[{"name":"wp","href":"https:\/\/api.w.org\/{rel}","templated":true}]}}