{"id":11347,"date":"2021-01-11T12:58:59","date_gmt":"2021-01-11T12:58:59","guid":{"rendered":"https:\/\/arroyitoonline.com.ar\/?p=11347"},"modified":"2021-01-11T12:59:04","modified_gmt":"2021-01-11T12:59:04","slug":"la-policia-aprehendio-a-un-joven-de-26-anos-que-tenia-pedido-de-captura","status":"publish","type":"post","link":"https:\/\/arroyitoonline.com.ar\/?p=11347","title":{"rendered":"La Polic\u00eda aprehendi\u00f3 a un joven de 26 a\u00f1os que ten\u00eda pedido de captura"},"content":{"rendered":"\n<p><strong>La detenci\u00f3n se produjo en la v\u00eda p\u00fablica, a la altura de la intersecci\u00f3n de las calles 24 de Septiembre y Osvaldo Navarro.<\/strong><\/p>\n\n\n\n<p>El viernes a las 20:45 horas, personal de la Brigada de Investigaciones de la Comisar\u00eda Distrito Arroyito aprehendi\u00f3 a un joven de 26 a\u00f1os.<\/p>\n\n\n\n<p>La detenci\u00f3n se produjo en la v\u00eda p\u00fablica, a la altura de la intersecci\u00f3n de las calles 24 de Septiembre y Osvaldo Navarro.<\/p>\n\n\n\n<p>El masculino en cuesti\u00f3n, sobre el que recae un pedido de captura emanado por la Fiscal\u00eda de Instrucci\u00f3n local, qued\u00f3 alojado en sede policial por autor de los delitos desobediencia a la autoridad y violaci\u00f3n de domicilio.<\/p>\n\n\n\n<p>Fuente: informe de la oficial Insp. Soledad Torletto | Comisar\u00eda Distrito Arroyito.<\/p>\n","protected":false},"excerpt":{"rendered":"<p>La detenci\u00f3n se produjo en la v\u00eda p\u00fablica, a la altura de la intersecci\u00f3n de las calles 24 de Septiembre&hellip;<\/p>\n","protected":false},"author":3,"featured_media":8867,"comment_status":"closed","ping_status":"open","sticky":false,"template":"","format":"standard","meta":{"footnotes":""},"categories":[824],"tags":[66,67,836,285,572,635,637,638,825],"class_list":["post-11347","post","type-post","status-publish","format-standard","has-post-thumbnail","hentry","category-policiales-online","tag-arroyito","tag-arroyito-cordoba","tag-arroyito-online","tag-detencion","tag-noticias-de-arroyito-y-zona","tag-policia","tag-policiales","tag-policiales-arroyito","tag-policiales-online"],"_links":{"self":[{"href":"https:\/\/arroyitoonline.com.ar\/index.php?rest_route=\/wp\/v2\/posts\/11347","targetHints":{"allow":["GET"]}}],"collection":[{"href":"https:\/\/arroyitoonline.com.ar\/index.php?rest_route=\/wp\/v2\/posts"}],"about":[{"href":"https:\/\/arroyitoonline.com.ar\/index.php?rest_route=\/wp\/v2\/types\/post"}],"author":[{"embeddable":true,"href":"https:\/\/arroyitoonline.com.ar\/index.php?rest_route=\/wp\/v2\/users\/3"}],"replies":[{"embeddable":true,"href":"https:\/\/arroyitoonline.com.ar\/index.php?rest_route=%2Fwp%2Fv2%2Fcomments&post=11347"}],"version-history":[{"count":1,"href":"https:\/\/arroyitoonline.com.ar\/index.php?rest_route=\/wp\/v2\/posts\/11347\/revisions"}],"predecessor-version":[{"id":11348,"href":"https:\/\/arroyitoonline.com.ar\/index.php?rest_route=\/wp\/v2\/posts\/11347\/revisions\/11348"}],"wp:featuredmedia":[{"embeddable":true,"href":"https:\/\/arroyitoonline.com.ar\/index.php?rest_route=\/wp\/v2\/media\/8867"}],"wp:attachment":[{"href":"https:\/\/arroyitoonline.com.ar\/index.php?rest_route=%2Fwp%2Fv2%2Fmedia&parent=11347"}],"wp:term":[{"taxonomy":"category","embeddable":true,"href":"https:\/\/arroyitoonline.com.ar\/index.php?rest_route=%2Fwp%2Fv2%2Fcategories&post=11347"},{"taxonomy":"post_tag","embeddable":true,"href":"https:\/\/arroyitoonline.com.ar\/index.php?rest_route=%2Fwp%2Fv2%2Ftags&post=11347"}],"curies":[{"name":"wp","href":"https:\/\/api.w.org\/{rel}","templated":true}]}}