{"id":11353,"date":"2021-01-11T14:24:22","date_gmt":"2021-01-11T14:24:22","guid":{"rendered":"https:\/\/arroyitoonline.com.ar\/?p=11353"},"modified":"2021-01-11T14:33:22","modified_gmt":"2021-01-11T14:33:22","slug":"un-conductor-manejaba-con-1-5-mg-l-de-alcohol-en-sangre-y-fue-detenido","status":"publish","type":"post","link":"https:\/\/arroyitoonline.com.ar\/?p=11353","title":{"rendered":"Un conductor manejaba con 1.5 mg\/l de alcohol en sangre y fue detenido"},"content":{"rendered":"\n<p><strong>El masculino de 30 a\u00f1os con domicilio en Devoto, andaba en un Ford Focus por la zona del Balneario.<\/strong><\/p>\n\n\n\n<p>El domingo a las 7:30 de la ma\u00f1ana, personal policial se encontraba realizando patrullaje preventivo por el sector del Balneario Municipal. En ese momento, uniformados observaron un auto Ford Focus, cuyo conductor presentaba evidente estado de ebriedad.<\/p>\n\n\n\n<p>En este marco, detuvieron al sujeto y, en colaboraci\u00f3n con personal municipal, le realizaron el test de alcoholemia, arrojando 1.5 mg\/l de alcohol en sangre.<\/p>\n\n\n\n<p>A continuaci\u00f3n, procedieron al secuestro del veh\u00edculo e iniciaron las actuaciones contravencionales al conductor, un masculino de 30 a\u00f1os con domicilio en la localidad de Devoto.<\/p>\n\n\n\n<p>Fuente: informe de la oficial Insp. Soledad Torletto | Comisar\u00eda Distrito Arroyito.<\/p>\n","protected":false},"excerpt":{"rendered":"<p>El masculino de 30 a\u00f1os con domicilio en Devoto, andaba en un Ford Focus por la zona del Balneario. El&hellip;<\/p>\n","protected":false},"author":3,"featured_media":11354,"comment_status":"closed","ping_status":"open","sticky":false,"template":"","format":"standard","meta":{"footnotes":""},"categories":[824],"tags":[44,66,67,836,237,572,635,637,638,825],"class_list":["post-11353","post","type-post","status-publish","format-standard","has-post-thumbnail","hentry","category-policiales-online","tag-alcoholemia","tag-arroyito","tag-arroyito-cordoba","tag-arroyito-online","tag-control-de-alcoholemia","tag-noticias-de-arroyito-y-zona","tag-policia","tag-policiales","tag-policiales-arroyito","tag-policiales-online"],"_links":{"self":[{"href":"https:\/\/arroyitoonline.com.ar\/index.php?rest_route=\/wp\/v2\/posts\/11353","targetHints":{"allow":["GET"]}}],"collection":[{"href":"https:\/\/arroyitoonline.com.ar\/index.php?rest_route=\/wp\/v2\/posts"}],"about":[{"href":"https:\/\/arroyitoonline.com.ar\/index.php?rest_route=\/wp\/v2\/types\/post"}],"author":[{"embeddable":true,"href":"https:\/\/arroyitoonline.com.ar\/index.php?rest_route=\/wp\/v2\/users\/3"}],"replies":[{"embeddable":true,"href":"https:\/\/arroyitoonline.com.ar\/index.php?rest_route=%2Fwp%2Fv2%2Fcomments&post=11353"}],"version-history":[{"count":2,"href":"https:\/\/arroyitoonline.com.ar\/index.php?rest_route=\/wp\/v2\/posts\/11353\/revisions"}],"predecessor-version":[{"id":11357,"href":"https:\/\/arroyitoonline.com.ar\/index.php?rest_route=\/wp\/v2\/posts\/11353\/revisions\/11357"}],"wp:featuredmedia":[{"embeddable":true,"href":"https:\/\/arroyitoonline.com.ar\/index.php?rest_route=\/wp\/v2\/media\/11354"}],"wp:attachment":[{"href":"https:\/\/arroyitoonline.com.ar\/index.php?rest_route=%2Fwp%2Fv2%2Fmedia&parent=11353"}],"wp:term":[{"taxonomy":"category","embeddable":true,"href":"https:\/\/arroyitoonline.com.ar\/index.php?rest_route=%2Fwp%2Fv2%2Fcategories&post=11353"},{"taxonomy":"post_tag","embeddable":true,"href":"https:\/\/arroyitoonline.com.ar\/index.php?rest_route=%2Fwp%2Fv2%2Ftags&post=11353"}],"curies":[{"name":"wp","href":"https:\/\/api.w.org\/{rel}","templated":true}]}}