{"id":11364,"date":"2021-01-12T14:04:44","date_gmt":"2021-01-12T14:04:44","guid":{"rendered":"https:\/\/arroyitoonline.com.ar\/?p=11364"},"modified":"2021-01-13T13:38:32","modified_gmt":"2021-01-13T13:38:32","slug":"la-atencion-de-apross-en-el-hospital-municipal-comenzara-a-fines-de-marzo","status":"publish","type":"post","link":"https:\/\/arroyitoonline.com.ar\/?p=11364","title":{"rendered":"La atenci\u00f3n de Apross en el hospital municipal comenzar\u00e1 a fines de marzo"},"content":{"rendered":"\n<p><strong>En este momento,&nbsp;se est\u00e1 procesando la ejecuci\u00f3n del convenio que hab\u00eda firmado el intendente Benedetti, d\u00edas pasados. <\/strong><\/p>\n\n\n\n<p>D\u00edas atr\u00e1s, <strong>el intendente Gustavo Benedetti hab\u00eda firmado el convenio que permitir\u00e1 que los afiliados de Apross tengan acceso al servicio m\u00e9dico <\/strong>en las instalaciones del<strong> Hospital Municipal Carlos J. Rodr\u00edguez.<\/strong><\/p>\n\n\n\n<figure class=\"wp-block-embed-wordpress wp-block-embed is-type-wp-embed is-provider-arroyito-online\"><div class=\"wp-block-embed__wrapper\">\nhttps:\/\/arroyitoonline.com.ar\/info-online\/infosalud\/benedetti-firmo-convenio-para-atencion-de-afiliados-de-apross-en-el-hospital-municipal\/\n<\/div><\/figure>\n\n\n\n<p>En este momento,<strong>&nbsp;se est\u00e1 procesando la ejecuci\u00f3n del convenio, estim\u00e1ndose que la atenci\u00f3n de los afiliados de la obra social provincial en el nosocomio local, comenzar\u00e1 a fines de marzo.<\/strong><\/p>\n\n\n\n<p>Este acuerdo tambi\u00e9n permitir\u00e1 que se incorporen nuevas prestaciones y especialidades m\u00e9dicas, para la realizaci\u00f3n de estudios de alta complejidad, entre otros servicios.<\/p>\n\n\n\n<p>Desde el Gobierno Municipal pidieron a los vecinos que aguarden con paciencia, ya que&nbsp;<strong>pronto contar\u00e1n con el servicio.<\/strong><\/p>\n","protected":false},"excerpt":{"rendered":"<p>En este momento,&nbsp;se est\u00e1 procesando la ejecuci\u00f3n del convenio que hab\u00eda firmado el intendente Benedetti, d\u00edas pasados. D\u00edas atr\u00e1s, el&hellip;<\/p>\n","protected":false},"author":3,"featured_media":7160,"comment_status":"closed","ping_status":"open","sticky":false,"template":"","format":"standard","meta":{"footnotes":""},"categories":[9],"tags":[66,67,836,404,405,1102,426,1177,572,706],"class_list":["post-11364","post","type-post","status-publish","format-standard","has-post-thumbnail","hentry","category-infosalud","tag-arroyito","tag-arroyito-cordoba","tag-arroyito-online","tag-gobierno-de-cordoba","tag-gobierno-de-la-provincia","tag-gobierno-municipal","tag-hospital","tag-hospital-municipal-carlos-j-rodriguez","tag-noticias-de-arroyito-y-zona","tag-salud"],"_links":{"self":[{"href":"https:\/\/arroyitoonline.com.ar\/index.php?rest_route=\/wp\/v2\/posts\/11364","targetHints":{"allow":["GET"]}}],"collection":[{"href":"https:\/\/arroyitoonline.com.ar\/index.php?rest_route=\/wp\/v2\/posts"}],"about":[{"href":"https:\/\/arroyitoonline.com.ar\/index.php?rest_route=\/wp\/v2\/types\/post"}],"author":[{"embeddable":true,"href":"https:\/\/arroyitoonline.com.ar\/index.php?rest_route=\/wp\/v2\/users\/3"}],"replies":[{"embeddable":true,"href":"https:\/\/arroyitoonline.com.ar\/index.php?rest_route=%2Fwp%2Fv2%2Fcomments&post=11364"}],"version-history":[{"count":4,"href":"https:\/\/arroyitoonline.com.ar\/index.php?rest_route=\/wp\/v2\/posts\/11364\/revisions"}],"predecessor-version":[{"id":11370,"href":"https:\/\/arroyitoonline.com.ar\/index.php?rest_route=\/wp\/v2\/posts\/11364\/revisions\/11370"}],"wp:featuredmedia":[{"embeddable":true,"href":"https:\/\/arroyitoonline.com.ar\/index.php?rest_route=\/wp\/v2\/media\/7160"}],"wp:attachment":[{"href":"https:\/\/arroyitoonline.com.ar\/index.php?rest_route=%2Fwp%2Fv2%2Fmedia&parent=11364"}],"wp:term":[{"taxonomy":"category","embeddable":true,"href":"https:\/\/arroyitoonline.com.ar\/index.php?rest_route=%2Fwp%2Fv2%2Fcategories&post=11364"},{"taxonomy":"post_tag","embeddable":true,"href":"https:\/\/arroyitoonline.com.ar\/index.php?rest_route=%2Fwp%2Fv2%2Ftags&post=11364"}],"curies":[{"name":"wp","href":"https:\/\/api.w.org\/{rel}","templated":true}]}}