{"id":11372,"date":"2021-01-13T13:57:56","date_gmt":"2021-01-13T13:57:56","guid":{"rendered":"https:\/\/arroyitoonline.com.ar\/?p=11372"},"modified":"2021-01-13T14:20:48","modified_gmt":"2021-01-13T14:20:48","slug":"mas-leche-mas-proteinas-la-entrega-de-enero-sera-del-18-al-22","status":"publish","type":"post","link":"https:\/\/arroyitoonline.com.ar\/?p=11372","title":{"rendered":"M\u00e1s Leche M\u00e1s Prote\u00ednas: la entrega de enero ser\u00e1 del 18 al 22"},"content":{"rendered":"\n<p><strong>Las leches del programa deber\u00e1n retirarlas los padres de los chicos, o personas encargadas de su cuidado, con DNI de cada ni\u00f1o.<\/strong><\/p>\n\n\n\n<p>La semana pr\u00f3xima, se <strong>realizar\u00e1 la entrega correspondiente al Programa M\u00e1s Leche M\u00e1s Prote\u00ednas del mes de enero.<\/strong><\/p>\n\n\n\n<figure class=\"wp-block-image size-large\"><img loading=\"lazy\" decoding=\"async\" width=\"1024\" height=\"1024\" src=\"https:\/\/arroyitoonline.com.ar\/wp-content\/uploads\/2021\/01\/entrega-de-leche-enero-2021-1024x1024.jpeg\" alt=\"\" class=\"wp-image-11373\" srcset=\"https:\/\/arroyitoonline.com.ar\/wp-content\/uploads\/2021\/01\/entrega-de-leche-enero-2021-1024x1024.jpeg 1024w, https:\/\/arroyitoonline.com.ar\/wp-content\/uploads\/2021\/01\/entrega-de-leche-enero-2021-300x300.jpeg 300w, https:\/\/arroyitoonline.com.ar\/wp-content\/uploads\/2021\/01\/entrega-de-leche-enero-2021-150x150.jpeg 150w, https:\/\/arroyitoonline.com.ar\/wp-content\/uploads\/2021\/01\/entrega-de-leche-enero-2021-768x768.jpeg 768w, https:\/\/arroyitoonline.com.ar\/wp-content\/uploads\/2021\/01\/entrega-de-leche-enero-2021.jpeg 1181w\" sizes=\"auto, (max-width: 1024px) 100vw, 1024px\" \/><\/figure>\n\n\n\n<p><strong>Las leches se entregar\u00e1 desde el lunes 18 hasta el viernes 22 de enero, de 8:00 a 12:00 horas,<\/strong>&nbsp;en la oficina de la Direcci\u00f3n de Promoci\u00f3n Comunitaria y Social ubicada en&nbsp;<strong>General Paz 941<\/strong>.<\/p>\n\n\n\n<p><strong>Las leches deber\u00e1n retirarlas los padres de los chicos, o personas encargadas de su cuidado, con DNI de cada ni\u00f1o.<\/strong><\/p>\n","protected":false},"excerpt":{"rendered":"<p>Las leches del programa deber\u00e1n retirarlas los padres de los chicos, o personas encargadas de su cuidado, con DNI de&hellip;<\/p>\n","protected":false},"author":3,"featured_media":7087,"comment_status":"closed","ping_status":"open","sticky":false,"template":"","format":"standard","meta":{"footnotes":""},"categories":[962],"tags":[66,67,836,1079,405,1102,570,572,1201],"class_list":["post-11372","post","type-post","status-publish","format-standard","has-post-thumbnail","hentry","category-ninez-y-adolescencia","tag-arroyito","tag-arroyito-cordoba","tag-arroyito-online","tag-direccion-de-promocion-comunitaria-y-social","tag-gobierno-de-la-provincia","tag-gobierno-municipal","tag-ninez","tag-noticias-de-arroyito-y-zona","tag-programa-mas-leche-mas-proteinas"],"_links":{"self":[{"href":"https:\/\/arroyitoonline.com.ar\/index.php?rest_route=\/wp\/v2\/posts\/11372","targetHints":{"allow":["GET"]}}],"collection":[{"href":"https:\/\/arroyitoonline.com.ar\/index.php?rest_route=\/wp\/v2\/posts"}],"about":[{"href":"https:\/\/arroyitoonline.com.ar\/index.php?rest_route=\/wp\/v2\/types\/post"}],"author":[{"embeddable":true,"href":"https:\/\/arroyitoonline.com.ar\/index.php?rest_route=\/wp\/v2\/users\/3"}],"replies":[{"embeddable":true,"href":"https:\/\/arroyitoonline.com.ar\/index.php?rest_route=%2Fwp%2Fv2%2Fcomments&post=11372"}],"version-history":[{"count":2,"href":"https:\/\/arroyitoonline.com.ar\/index.php?rest_route=\/wp\/v2\/posts\/11372\/revisions"}],"predecessor-version":[{"id":11380,"href":"https:\/\/arroyitoonline.com.ar\/index.php?rest_route=\/wp\/v2\/posts\/11372\/revisions\/11380"}],"wp:featuredmedia":[{"embeddable":true,"href":"https:\/\/arroyitoonline.com.ar\/index.php?rest_route=\/wp\/v2\/media\/7087"}],"wp:attachment":[{"href":"https:\/\/arroyitoonline.com.ar\/index.php?rest_route=%2Fwp%2Fv2%2Fmedia&parent=11372"}],"wp:term":[{"taxonomy":"category","embeddable":true,"href":"https:\/\/arroyitoonline.com.ar\/index.php?rest_route=%2Fwp%2Fv2%2Fcategories&post=11372"},{"taxonomy":"post_tag","embeddable":true,"href":"https:\/\/arroyitoonline.com.ar\/index.php?rest_route=%2Fwp%2Fv2%2Ftags&post=11372"}],"curies":[{"name":"wp","href":"https:\/\/api.w.org\/{rel}","templated":true}]}}