{"id":11377,"date":"2021-01-13T14:31:04","date_gmt":"2021-01-13T14:31:04","guid":{"rendered":"https:\/\/arroyitoonline.com.ar\/?p=11377"},"modified":"2021-01-13T14:31:09","modified_gmt":"2021-01-13T14:31:09","slug":"quitaran-los-canastos-para-basura-comunitarios-en-el-barrio-arcor","status":"publish","type":"post","link":"https:\/\/arroyitoonline.com.ar\/?p=11377","title":{"rendered":"Quitar\u00e1n los canastos para basura comunitarios en el Barrio Arcor"},"content":{"rendered":"\n<p><strong>Desde el Gobierno Municipal piden que los vecinos coloquen canastos en el frente de sus viviendas, para el ordenamiento de la recolecci\u00f3n de residuos.<\/strong><\/p>\n\n\n\n<p>El \u00c1rea de Ambiente y Energ\u00eda y la Secretar\u00eda de Servicios P\u00fablicos est\u00e1n realizando una acci\u00f3n en el Barrio Arcor, en respuesta al reclamo que, desde hace a\u00f1os, formulan muchos vecinos de ese sector.<\/p>\n\n\n\n<p><strong>El Municipio busca erradicar los canastos comunitarios que se encuentran en las periferias del barrio, donde ciudadanos llevan sus residuos. Esta acci\u00f3n que genera muchos inconvenientes a los vecinos que residen al frente de estos cestos.<\/strong><\/p>\n\n\n\n<p>La medida se est\u00e1 desarrollando en este momento e implica la\u00a0<strong>quita de los canastos comunitarios el lunes 1 de febrero.<\/strong><\/p>\n\n\n\n<figure class=\"wp-block-image size-large\"><img loading=\"lazy\" decoding=\"async\" width=\"800\" height=\"800\" src=\"https:\/\/arroyitoonline.com.ar\/wp-content\/uploads\/2021\/01\/Canastos-Barrio-Arcor.jpeg\" alt=\"\" class=\"wp-image-11382\" srcset=\"https:\/\/arroyitoonline.com.ar\/wp-content\/uploads\/2021\/01\/Canastos-Barrio-Arcor.jpeg 800w, https:\/\/arroyitoonline.com.ar\/wp-content\/uploads\/2021\/01\/Canastos-Barrio-Arcor-300x300.jpeg 300w, https:\/\/arroyitoonline.com.ar\/wp-content\/uploads\/2021\/01\/Canastos-Barrio-Arcor-150x150.jpeg 150w, https:\/\/arroyitoonline.com.ar\/wp-content\/uploads\/2021\/01\/Canastos-Barrio-Arcor-768x768.jpeg 768w\" sizes=\"auto, (max-width: 800px) 100vw, 800px\" \/><\/figure>\n\n\n\n<p>Por ello,\u00a0<strong>desde el Gobierno Municipal invitan a los residentes del barrio que a\u00fan no cuenten con un canasto de residuos en sus viviendas, a que los coloquen,<\/strong>\u00a0para un ordenamiento de la recolecci\u00f3n de residuos domiciliarios.<\/p>\n\n\n\n<p>Con esta acci\u00f3n buscan\u00a0<strong>adem\u00e1s, que se mejore la higiene, el cuidado ambiental y que signifique un aporte a la calidad de vida de cada vecino.<\/strong><\/p>\n","protected":false},"excerpt":{"rendered":"<p>Desde el Gobierno Municipal piden que los vecinos coloquen canastos en el frente de sus viviendas, para el ordenamiento de&hellip;<\/p>\n","protected":false},"author":3,"featured_media":11381,"comment_status":"closed","ping_status":"open","sticky":false,"template":"","format":"standard","meta":{"footnotes":""},"categories":[879],"tags":[66,67,836,102,111,1102,572,675,731,732],"class_list":["post-11377","post","type-post","status-publish","format-standard","has-post-thumbnail","hentry","category-servicios-publicos","tag-arroyito","tag-arroyito-cordoba","tag-arroyito-online","tag-barrio-arcor","tag-basura","tag-gobierno-municipal","tag-noticias-de-arroyito-y-zona","tag-recoleccion-de-residuos","tag-servicios","tag-servicios-publicos"],"_links":{"self":[{"href":"https:\/\/arroyitoonline.com.ar\/index.php?rest_route=\/wp\/v2\/posts\/11377","targetHints":{"allow":["GET"]}}],"collection":[{"href":"https:\/\/arroyitoonline.com.ar\/index.php?rest_route=\/wp\/v2\/posts"}],"about":[{"href":"https:\/\/arroyitoonline.com.ar\/index.php?rest_route=\/wp\/v2\/types\/post"}],"author":[{"embeddable":true,"href":"https:\/\/arroyitoonline.com.ar\/index.php?rest_route=\/wp\/v2\/users\/3"}],"replies":[{"embeddable":true,"href":"https:\/\/arroyitoonline.com.ar\/index.php?rest_route=%2Fwp%2Fv2%2Fcomments&post=11377"}],"version-history":[{"count":1,"href":"https:\/\/arroyitoonline.com.ar\/index.php?rest_route=\/wp\/v2\/posts\/11377\/revisions"}],"predecessor-version":[{"id":11383,"href":"https:\/\/arroyitoonline.com.ar\/index.php?rest_route=\/wp\/v2\/posts\/11377\/revisions\/11383"}],"wp:featuredmedia":[{"embeddable":true,"href":"https:\/\/arroyitoonline.com.ar\/index.php?rest_route=\/wp\/v2\/media\/11381"}],"wp:attachment":[{"href":"https:\/\/arroyitoonline.com.ar\/index.php?rest_route=%2Fwp%2Fv2%2Fmedia&parent=11377"}],"wp:term":[{"taxonomy":"category","embeddable":true,"href":"https:\/\/arroyitoonline.com.ar\/index.php?rest_route=%2Fwp%2Fv2%2Fcategories&post=11377"},{"taxonomy":"post_tag","embeddable":true,"href":"https:\/\/arroyitoonline.com.ar\/index.php?rest_route=%2Fwp%2Fv2%2Ftags&post=11377"}],"curies":[{"name":"wp","href":"https:\/\/api.w.org\/{rel}","templated":true}]}}