{"id":11384,"date":"2021-01-14T23:28:33","date_gmt":"2021-01-14T23:28:33","guid":{"rendered":"https:\/\/arroyitoonline.com.ar\/?p=11384"},"modified":"2021-01-14T23:28:35","modified_gmt":"2021-01-14T23:28:35","slug":"bosco-y-carmona-se-hicieron-cargo-de-la-comisaria-distrito-arroyito","status":"publish","type":"post","link":"https:\/\/arroyitoonline.com.ar\/?p=11384","title":{"rendered":"Bosco y Carmona se hicieron cargo de la Comisar\u00eda Distrito Arroyito"},"content":{"rendered":"\n<p><strong>El subcomisario y el oficial Principal asumieron los roles de primer y segundo jefe de la sede policial local que, desde hace tiempo, permanec\u00eda ac\u00e9fala. <\/strong><\/p>\n\n\n\n<p>Esta ma\u00f1ana, en la sala del Concejo Deliberante, el intendente, Gustavo Benedetti, y la viceintendenta, Mar\u00eda Jos\u00e9 Esp\u00f3sito, realizaron<strong> la puesta en funciones de los nuevos jefes de la Comisar\u00eda Distrito Arroyito. Desde hac\u00eda tiempo, la conducci\u00f3n de la sede policial local era accidental, a cargo de la oficial Insp. Soledad Torletto.<\/strong><\/p>\n\n\n\n<p><strong>Desde hoy, quedan al mando, como primer jefe, el subcomisario Facundo Sebasti\u00e1n Bosco y, como segundo jefe, el oficial Principal Tec. Sup. en Seguridad Manuel Alejandro Carmona<\/strong>.<\/p>\n\n\n\n<p>En la presentaci\u00f3n, tambi\u00e9n estuvieron, el flamante director de la Unidad Regional Departamental San Justo,\u00a0<strong>comisario Inspector Pablo Berardo y el subdirector, comisario Inspector V\u00edctor Quevedo.<\/strong><\/p>\n\n\n\n<p>Mediante un breve encuentro, se dio lectura formal al Acta de Notificaci\u00f3n y luego procedieron a su firma. A continuaci\u00f3n, se escucharon los discursos de Berardo, Benedetti y el nuevo jefe de la Comisar\u00eda, Bosco. <\/p>\n\n\n\n<p>En este marco, el intendente estableci\u00f3 que\u00a0<em>\u201cestamos dando un paso muy importante, un logro dif\u00edcil conseguir si no hubiese estado Berardo frente a la Departamental\u201d<\/em>. Adem\u00e1s, Benedetti agreg\u00f3 que\u00a0<strong><em>\u201cla fuerza policial se va a sentir acompa\u00f1ada, porque si el a\u00f1o anterior fue de inversi\u00f3n en Salud, el presente ser\u00e1 de inversi\u00f3n en Seguridad para que los vecinos est\u00e9n y se sientan seguros\u201d<\/em>.<\/strong><\/p>\n\n\n\n<p><strong>Qui\u00e9nes son los nuevos funcionarios policiales<\/strong><\/p>\n\n\n\n<p>El <strong>Sub Crio. Sebasti\u00e1n Facundo Bosco<\/strong>, que cuenta con 17 a\u00f1os en la instituci\u00f3n policial, egres\u00f3 de la Escuela de Polic\u00eda Libertador General Jos\u00e9 de San Mart\u00edn en el mes de diciembre del a\u00f1o 2003. Prest\u00f3 servicio en el Comando de Acci\u00f3n Preventivo de la ciudad de San Francisco hasta 2005. Desde esa fecha y hasta 2011, desempe\u00f1\u00f3 sus funciones como encargado del Destacamento Policial Altos de Chipi\u00f3n. A partir de 2011 estuvo a cargo del Destacamento Policial de la localidad de Marull hasta el a\u00f1o 2016. Desde entonces y hasta 2018, se encontr\u00f3 a cargo de la Subcomisar\u00eda de Miramar de Ansenuza. Por \u00faltimo, a partir de 2018 y hasta finales de 2020, se desempe\u00f1\u00f3 como titular de la Comisar\u00eda Distrito Brikmann.<\/p>\n\n\n\n<figure class=\"wp-block-image size-large\"><img loading=\"lazy\" decoding=\"async\" width=\"1024\" height=\"576\" src=\"https:\/\/arroyitoonline.com.ar\/wp-content\/uploads\/2021\/01\/jefe-comisaria-bosco-1024x576.jpg\" alt=\"\" class=\"wp-image-11387\" srcset=\"https:\/\/arroyitoonline.com.ar\/wp-content\/uploads\/2021\/01\/jefe-comisaria-bosco-1024x576.jpg 1024w, https:\/\/arroyitoonline.com.ar\/wp-content\/uploads\/2021\/01\/jefe-comisaria-bosco-300x169.jpg 300w, https:\/\/arroyitoonline.com.ar\/wp-content\/uploads\/2021\/01\/jefe-comisaria-bosco-768x432.jpg 768w, https:\/\/arroyitoonline.com.ar\/wp-content\/uploads\/2021\/01\/jefe-comisaria-bosco.jpg 1200w\" sizes=\"auto, (max-width: 1024px) 100vw, 1024px\" \/><figcaption><em>El <strong>Sub Crio. Sebasti\u00e1n Facundo Bosco<\/strong> asumi\u00f3 como jefe de la Comisar\u00eda de Distrito Arroyito.<\/em><\/figcaption><\/figure>\n\n\n\n<p>El<strong> oficial Principal T\u00e9cnico Superior en Seguridad Manuel Alejandro Carmona<\/strong>, que cuenta con 15 a\u00f1os de servicio en la instituci\u00f3n provincial, egres\u00f3 de la Escuela de Polic\u00eda Libertador General Jos\u00e9 de San Mart\u00edn en el mes de diciembre del a\u00f1o 2005. Tiene en su haber, dos reconocimientos por Actos Destacables en el Servicio entregados por la Jefatura de Polic\u00eda (2012 y 2018) y uno por el Gobierno de la Provincia de C\u00f3rdoba, de manos del ministro de Salud (2012). Prest\u00f3 servicio en el Comando de Acci\u00f3n Preventivo del Distrito 3 de C\u00f3rdoba hasta el a\u00f1o 2011. Desde 2011 hasta 2013, desempe\u00f1\u00f3 sus funciones como oficial de Servicio de la Comisar\u00eda 20 del Distrito 3 de la misma ciudad. A partir del a\u00f1o 2013 cumpli\u00f3 la funci\u00f3n de jefe de compa\u00f1\u00eda del Comando de Acci\u00f3n Preventivo del Distrito 3 de C\u00f3rdoba hasta 2017. A partir de 2018 hasta el a\u00f1o 2019, cumpli\u00f3 funci\u00f3n de l\u00edder de la Polic\u00eda Barrial del Distrito 9. Desde mediados del a\u00f1o 2019 hasta finales del a\u00f1o 2020, se desempe\u00f1\u00f3 como Titular de la Sub. Comisar\u00eda de Santiago Temple, correspondiente a la Unidad Regional Departamental de Rio Primero.<\/p>\n\n\n\n<figure class=\"wp-block-image size-large\"><img loading=\"lazy\" decoding=\"async\" width=\"1024\" height=\"576\" src=\"https:\/\/arroyitoonline.com.ar\/wp-content\/uploads\/2021\/01\/jefe-comisaria-2-carmona-1024x576.jpg\" alt=\"\" class=\"wp-image-11388\" srcset=\"https:\/\/arroyitoonline.com.ar\/wp-content\/uploads\/2021\/01\/jefe-comisaria-2-carmona-1024x576.jpg 1024w, https:\/\/arroyitoonline.com.ar\/wp-content\/uploads\/2021\/01\/jefe-comisaria-2-carmona-300x169.jpg 300w, https:\/\/arroyitoonline.com.ar\/wp-content\/uploads\/2021\/01\/jefe-comisaria-2-carmona-768x432.jpg 768w, https:\/\/arroyitoonline.com.ar\/wp-content\/uploads\/2021\/01\/jefe-comisaria-2-carmona.jpg 1200w\" sizes=\"auto, (max-width: 1024px) 100vw, 1024px\" \/><figcaption><em>El<strong> oficial Principal T\u00e9cnico Superior en Seguridad Manuel Alejandro Carmona<\/strong> asumi\u00f3 como 2\u00b0 jefe de la Comisar\u00eda de Distrito Arroyito.<\/em><\/figcaption><\/figure>\n\n\n\n<p>Fotos: Arroyito Online.<\/p>\n","protected":false},"excerpt":{"rendered":"<p>El subcomisario y el oficial Principal asumieron los roles de primer y segundo jefe de la sede policial local que,&hellip;<\/p>\n","protected":false},"author":3,"featured_media":11386,"comment_status":"closed","ping_status":"open","sticky":false,"template":"","format":"standard","meta":{"footnotes":""},"categories":[824],"tags":[66,67,836,1057,1102,572,635,637,638,825],"class_list":["post-11384","post","type-post","status-publish","format-standard","has-post-thumbnail","hentry","category-policiales-online","tag-arroyito","tag-arroyito-cordoba","tag-arroyito-online","tag-berardo","tag-gobierno-municipal","tag-noticias-de-arroyito-y-zona","tag-policia","tag-policiales","tag-policiales-arroyito","tag-policiales-online"],"_links":{"self":[{"href":"https:\/\/arroyitoonline.com.ar\/index.php?rest_route=\/wp\/v2\/posts\/11384","targetHints":{"allow":["GET"]}}],"collection":[{"href":"https:\/\/arroyitoonline.com.ar\/index.php?rest_route=\/wp\/v2\/posts"}],"about":[{"href":"https:\/\/arroyitoonline.com.ar\/index.php?rest_route=\/wp\/v2\/types\/post"}],"author":[{"embeddable":true,"href":"https:\/\/arroyitoonline.com.ar\/index.php?rest_route=\/wp\/v2\/users\/3"}],"replies":[{"embeddable":true,"href":"https:\/\/arroyitoonline.com.ar\/index.php?rest_route=%2Fwp%2Fv2%2Fcomments&post=11384"}],"version-history":[{"count":1,"href":"https:\/\/arroyitoonline.com.ar\/index.php?rest_route=\/wp\/v2\/posts\/11384\/revisions"}],"predecessor-version":[{"id":11389,"href":"https:\/\/arroyitoonline.com.ar\/index.php?rest_route=\/wp\/v2\/posts\/11384\/revisions\/11389"}],"wp:featuredmedia":[{"embeddable":true,"href":"https:\/\/arroyitoonline.com.ar\/index.php?rest_route=\/wp\/v2\/media\/11386"}],"wp:attachment":[{"href":"https:\/\/arroyitoonline.com.ar\/index.php?rest_route=%2Fwp%2Fv2%2Fmedia&parent=11384"}],"wp:term":[{"taxonomy":"category","embeddable":true,"href":"https:\/\/arroyitoonline.com.ar\/index.php?rest_route=%2Fwp%2Fv2%2Fcategories&post=11384"},{"taxonomy":"post_tag","embeddable":true,"href":"https:\/\/arroyitoonline.com.ar\/index.php?rest_route=%2Fwp%2Fv2%2Ftags&post=11384"}],"curies":[{"name":"wp","href":"https:\/\/api.w.org\/{rel}","templated":true}]}}