{"id":11400,"date":"2021-01-15T14:11:09","date_gmt":"2021-01-15T14:11:09","guid":{"rendered":"https:\/\/arroyitoonline.com.ar\/?p=11400"},"modified":"2021-01-15T14:11:14","modified_gmt":"2021-01-15T14:11:14","slug":"ruta-13-fallecio-un-joven-conductor-de-la-tordilla-en-choque-de-camiones","status":"publish","type":"post","link":"https:\/\/arroyitoonline.com.ar\/?p=11400","title":{"rendered":"Ruta 13: falleci\u00f3 un joven conductor de La Tordilla en choque de camiones"},"content":{"rendered":"\n<p><strong>El siniestro ocurri\u00f3 esta madrugada, en jurisdicci\u00f3n de la localidad de El Fort\u00edn, cerca del l\u00edmite con Santa Fe.<\/strong><\/p>\n\n\n\n<p>Este viernes pasadas las 3:00 de la madrugada, un choque entre dos camiones dej\u00f3 el lamentable saldo de una persona fallecida. Se trata de N\u00e9stor Fabi\u00e1n Amaya, joven conductor de 24 a\u00f1os oriundo de La Tordilla.<\/p>\n\n\n\n<p>El siniestro ocurri\u00f3 en la ruta provincial 13 a la altura del kil\u00f3metro 163, en jurisdicci\u00f3n de la localidad de El Fort\u00edn, cerca del l\u00edmite con Santa Fe.<\/p>\n\n\n\n<p>El conductor del otro rodado, identificado como Jorge Oca\u00f1o (32 a\u00f1os) de Villa Santa Rosa, fue trasladado con heridas de consideraci\u00f3n en sus piernas a un centro de salud de Las Varillas.<\/p>\n\n\n\n<p>Por el accidente, durante la ma\u00f1ana del viernes se encontraba cortada la ruta 13, donde trabaj\u00f3 personal de Polic\u00eda Judicial, Polic\u00eda de la Provincia y Bomberos.<\/p>\n\n\n\n<p>Fuente: FM 100.9 Radio Cura Brochero | Villa Santa Rosa.<\/p>\n","protected":false},"excerpt":{"rendered":"<p>El siniestro ocurri\u00f3 esta madrugada, en jurisdicci\u00f3n de la localidad de El Fort\u00edn, cerca del l\u00edmite con Santa Fe. Este&hellip;<\/p>\n","protected":false},"author":3,"featured_media":11401,"comment_status":"closed","ping_status":"open","sticky":false,"template":"","format":"standard","meta":{"footnotes":""},"categories":[824],"tags":[66,67,836,145,191,487,572,635,637,825],"class_list":["post-11400","post","type-post","status-publish","format-standard","has-post-thumbnail","hentry","category-policiales-online","tag-arroyito","tag-arroyito-cordoba","tag-arroyito-online","tag-camioneros","tag-choque","tag-la-tordilla","tag-noticias-de-arroyito-y-zona","tag-policia","tag-policiales","tag-policiales-online"],"_links":{"self":[{"href":"https:\/\/arroyitoonline.com.ar\/index.php?rest_route=\/wp\/v2\/posts\/11400","targetHints":{"allow":["GET"]}}],"collection":[{"href":"https:\/\/arroyitoonline.com.ar\/index.php?rest_route=\/wp\/v2\/posts"}],"about":[{"href":"https:\/\/arroyitoonline.com.ar\/index.php?rest_route=\/wp\/v2\/types\/post"}],"author":[{"embeddable":true,"href":"https:\/\/arroyitoonline.com.ar\/index.php?rest_route=\/wp\/v2\/users\/3"}],"replies":[{"embeddable":true,"href":"https:\/\/arroyitoonline.com.ar\/index.php?rest_route=%2Fwp%2Fv2%2Fcomments&post=11400"}],"version-history":[{"count":1,"href":"https:\/\/arroyitoonline.com.ar\/index.php?rest_route=\/wp\/v2\/posts\/11400\/revisions"}],"predecessor-version":[{"id":11402,"href":"https:\/\/arroyitoonline.com.ar\/index.php?rest_route=\/wp\/v2\/posts\/11400\/revisions\/11402"}],"wp:featuredmedia":[{"embeddable":true,"href":"https:\/\/arroyitoonline.com.ar\/index.php?rest_route=\/wp\/v2\/media\/11401"}],"wp:attachment":[{"href":"https:\/\/arroyitoonline.com.ar\/index.php?rest_route=%2Fwp%2Fv2%2Fmedia&parent=11400"}],"wp:term":[{"taxonomy":"category","embeddable":true,"href":"https:\/\/arroyitoonline.com.ar\/index.php?rest_route=%2Fwp%2Fv2%2Fcategories&post=11400"},{"taxonomy":"post_tag","embeddable":true,"href":"https:\/\/arroyitoonline.com.ar\/index.php?rest_route=%2Fwp%2Fv2%2Ftags&post=11400"}],"curies":[{"name":"wp","href":"https:\/\/api.w.org\/{rel}","templated":true}]}}