{"id":11403,"date":"2021-01-18T13:09:18","date_gmt":"2021-01-18T13:09:18","guid":{"rendered":"https:\/\/arroyitoonline.com.ar\/?p=11403"},"modified":"2021-01-18T13:11:22","modified_gmt":"2021-01-18T13:11:22","slug":"motociclista-resulto-con-lesiones-graves-tras-chocar-con-una-camioneta","status":"publish","type":"post","link":"https:\/\/arroyitoonline.com.ar\/?p=11403","title":{"rendered":"Motociclista result\u00f3 con lesiones graves tras chocar con una camioneta"},"content":{"rendered":"\n<p><strong>Se trata de un joven de 27 a\u00f1os que andaba en una moto Appia 110 CC.<\/strong><\/p>\n\n\n\n<p>El s\u00e1bado, minutos antes de las 9:30 horas, se produjo un siniestro vial con lesiones graves, en la intersecci\u00f3n de las calles Sarmiento y Mario Seveso.<\/p>\n\n\n\n<p>De inmediato, se constituy\u00f3 personal policial en el lugar, donde constat\u00f3 que, por causas que tratan de establecerse, una camioneta Chevrolet S \u2013 10, \u2013conducida por un hombre de 47 a\u00f1os- colision\u00f3 con una motocicleta Appia 110 CC, guiada un joven de 27 a\u00f1os.<\/p>\n\n\n\n<p>En el sector se hizo presente el servicio de emergencias del Hospital Carlos J. Rodr\u00edguez, trasladando al conductor del rodado menor al nosocomio, donde luego informaron que sufri\u00f3 lesiones de car\u00e1cter graves.<\/p>\n\n\n\n<p>Por \u00faltimo, la Polic\u00eda secuestr\u00f3 los dos veh\u00edculos involucrados e interviene Fiscal\u00eda de feria.<\/p>\n\n\n\n<p>Fuente: informe del subcomisario Facundo Bosco | Jefe de la Comisar\u00eda de Distrito Arroyito.<\/p>\n","protected":false},"excerpt":{"rendered":"<p>Se trata de un joven de 27 a\u00f1os que andaba en una moto Appia 110 CC. El s\u00e1bado, minutos antes&hellip;<\/p>\n","protected":false},"author":3,"featured_media":11404,"comment_status":"closed","ping_status":"open","sticky":false,"template":"","format":"standard","meta":{"footnotes":""},"categories":[824],"tags":[66,67,836,191,1086,572,635,637,638,825,737],"class_list":["post-11403","post","type-post","status-publish","format-standard","has-post-thumbnail","hentry","category-policiales-online","tag-arroyito","tag-arroyito-cordoba","tag-arroyito-online","tag-choque","tag-moto","tag-noticias-de-arroyito-y-zona","tag-policia","tag-policiales","tag-policiales-arroyito","tag-policiales-online","tag-siniestro-vial"],"_links":{"self":[{"href":"https:\/\/arroyitoonline.com.ar\/index.php?rest_route=\/wp\/v2\/posts\/11403","targetHints":{"allow":["GET"]}}],"collection":[{"href":"https:\/\/arroyitoonline.com.ar\/index.php?rest_route=\/wp\/v2\/posts"}],"about":[{"href":"https:\/\/arroyitoonline.com.ar\/index.php?rest_route=\/wp\/v2\/types\/post"}],"author":[{"embeddable":true,"href":"https:\/\/arroyitoonline.com.ar\/index.php?rest_route=\/wp\/v2\/users\/3"}],"replies":[{"embeddable":true,"href":"https:\/\/arroyitoonline.com.ar\/index.php?rest_route=%2Fwp%2Fv2%2Fcomments&post=11403"}],"version-history":[{"count":2,"href":"https:\/\/arroyitoonline.com.ar\/index.php?rest_route=\/wp\/v2\/posts\/11403\/revisions"}],"predecessor-version":[{"id":11407,"href":"https:\/\/arroyitoonline.com.ar\/index.php?rest_route=\/wp\/v2\/posts\/11403\/revisions\/11407"}],"wp:featuredmedia":[{"embeddable":true,"href":"https:\/\/arroyitoonline.com.ar\/index.php?rest_route=\/wp\/v2\/media\/11404"}],"wp:attachment":[{"href":"https:\/\/arroyitoonline.com.ar\/index.php?rest_route=%2Fwp%2Fv2%2Fmedia&parent=11403"}],"wp:term":[{"taxonomy":"category","embeddable":true,"href":"https:\/\/arroyitoonline.com.ar\/index.php?rest_route=%2Fwp%2Fv2%2Fcategories&post=11403"},{"taxonomy":"post_tag","embeddable":true,"href":"https:\/\/arroyitoonline.com.ar\/index.php?rest_route=%2Fwp%2Fv2%2Ftags&post=11403"}],"curies":[{"name":"wp","href":"https:\/\/api.w.org\/{rel}","templated":true}]}}