{"id":11415,"date":"2021-01-18T14:25:03","date_gmt":"2021-01-18T14:25:03","guid":{"rendered":"https:\/\/arroyitoonline.com.ar\/?p=11415"},"modified":"2021-01-18T14:25:10","modified_gmt":"2021-01-18T14:25:10","slug":"ama-y-el-gobierno-municipal-acordaron-que-se-permitan-sepelios-de-dos-horas","status":"publish","type":"post","link":"https:\/\/arroyitoonline.com.ar\/?p=11415","title":{"rendered":"AMA y el Gobierno Municipal acordaron que se permitan sepelios de dos horas"},"content":{"rendered":"\n<p><strong>El ingreso a las salas ser\u00e1 controlado y reducido, de dos a cinco personas asistentes en simult\u00e1neo.<\/strong><\/p>\n\n\n\n<p>El viernes pasado, el intendente Gustavo Benedetti y el presidente del Consejo Directivo de Asociaci\u00f3n Mutual Arroyito, Iv\u00e1n Rivarola, acordaron <strong>un protocolo para la puesta en funcionamiento del servicio de sepelio<\/strong>, escuchando los reclamos de familias de nuestra ciudad. <\/p>\n\n\n\n<p><strong>Por lo tanto, se permiten los velatorios por dos horas habilit\u00e1ndose el ingreso controlado y reducido, que va de dos a cinco asistentes en simult\u00e1neo. <\/strong><\/p>\n\n\n\n<p>La decisi\u00f3n se tom\u00f3 <strong>en el marco de los permisos y las prohibiciones establecidos por el Decreto Nacional 956\/2020. Aunque se destaca que, para defunciones por covid-19, el velorio permanece inhabilitado.<\/strong><\/p>\n\n\n\n<p>La realizaci\u00f3n de sepelios funcionar\u00e1 bajo pilares preventivos, evitando as\u00ed, el contagio de coronavirus: distanciamiento social, higiene\/desinfecci\u00f3n y uso de elementos de protecci\u00f3n personal y de bioseguridad.<\/p>\n\n\n\n<p><strong>Adem\u00e1s, acordaron que, en caso de que medien inconvenientes, podr\u00e1 incrementarse la cantidad de horas, aunque no se pondr\u00e1 en riesgo la salud de los empleados que trabajan en el sector.<\/strong><\/p>\n\n\n\n<p>Desde el Gobierno Municipal explicaron que <em>&#8220;apelamos a la responsabilidad social para comprender las medidas de bioseguridad de la instituci\u00f3n, en cuanto al restablecimiento de este servicio&#8221;<\/em>.<\/p>\n","protected":false},"excerpt":{"rendered":"<p>El ingreso a las salas ser\u00e1 controlado y reducido, de dos a cinco personas asistentes en simult\u00e1neo. El viernes pasado,&hellip;<\/p>\n","protected":false},"author":3,"featured_media":11416,"comment_status":"closed","ping_status":"open","sticky":false,"template":"","format":"standard","meta":{"footnotes":""},"categories":[829],"tags":[66,67,836,79,1108,1152,1102,572,1203],"class_list":["post-11415","post","type-post","status-publish","format-standard","has-post-thumbnail","hentry","category-municipales-online","tag-arroyito","tag-arroyito-cordoba","tag-arroyito-online","tag-asociacion-mutual-arroyito","tag-coronavirus","tag-covid-19","tag-gobierno-municipal","tag-noticias-de-arroyito-y-zona","tag-servicio-de-sepelio"],"_links":{"self":[{"href":"https:\/\/arroyitoonline.com.ar\/index.php?rest_route=\/wp\/v2\/posts\/11415","targetHints":{"allow":["GET"]}}],"collection":[{"href":"https:\/\/arroyitoonline.com.ar\/index.php?rest_route=\/wp\/v2\/posts"}],"about":[{"href":"https:\/\/arroyitoonline.com.ar\/index.php?rest_route=\/wp\/v2\/types\/post"}],"author":[{"embeddable":true,"href":"https:\/\/arroyitoonline.com.ar\/index.php?rest_route=\/wp\/v2\/users\/3"}],"replies":[{"embeddable":true,"href":"https:\/\/arroyitoonline.com.ar\/index.php?rest_route=%2Fwp%2Fv2%2Fcomments&post=11415"}],"version-history":[{"count":1,"href":"https:\/\/arroyitoonline.com.ar\/index.php?rest_route=\/wp\/v2\/posts\/11415\/revisions"}],"predecessor-version":[{"id":11417,"href":"https:\/\/arroyitoonline.com.ar\/index.php?rest_route=\/wp\/v2\/posts\/11415\/revisions\/11417"}],"wp:featuredmedia":[{"embeddable":true,"href":"https:\/\/arroyitoonline.com.ar\/index.php?rest_route=\/wp\/v2\/media\/11416"}],"wp:attachment":[{"href":"https:\/\/arroyitoonline.com.ar\/index.php?rest_route=%2Fwp%2Fv2%2Fmedia&parent=11415"}],"wp:term":[{"taxonomy":"category","embeddable":true,"href":"https:\/\/arroyitoonline.com.ar\/index.php?rest_route=%2Fwp%2Fv2%2Fcategories&post=11415"},{"taxonomy":"post_tag","embeddable":true,"href":"https:\/\/arroyitoonline.com.ar\/index.php?rest_route=%2Fwp%2Fv2%2Ftags&post=11415"}],"curies":[{"name":"wp","href":"https:\/\/api.w.org\/{rel}","templated":true}]}}