{"id":11428,"date":"2021-01-19T13:12:28","date_gmt":"2021-01-19T13:12:28","guid":{"rendered":"https:\/\/arroyitoonline.com.ar\/?p=11428"},"modified":"2021-01-19T14:20:16","modified_gmt":"2021-01-19T14:20:16","slug":"fallecio-el-medico-angel-carrizo-a-los-82-anos","status":"publish","type":"post","link":"https:\/\/arroyitoonline.com.ar\/?p=11428","title":{"rendered":"Falleci\u00f3 el m\u00e9dico \u00c1ngel Carrizo, a los 82 a\u00f1os"},"content":{"rendered":"\n<p><strong>Su hija Elisa, intendenta de la localidad de Tr\u00e1nsito, lo despidi\u00f3 con un sentido mensaje en la red social Facebook.<\/strong><\/p>\n\n\n\n<p>Ayer, falleci\u00f3 el m\u00e9dico \u00c1ngel Carrizo. El padre de la intendenta de Tr\u00e1nsito hab\u00eda cumplido 82 a\u00f1os el pasado 20 de diciembre. Allegados le confirmaron a <strong>FM LIBRE 93.7<\/strong> que el deceso se produjo alrededor de las 17:00, a causa de un derrame cerebral.<\/p>\n\n\n\n<div class=\"wp-block-image\"><figure class=\"aligncenter size-large\"><img loading=\"lazy\" decoding=\"async\" width=\"511\" height=\"406\" src=\"https:\/\/arroyitoonline.com.ar\/wp-content\/uploads\/2021\/01\/elisa-carrizo.png\" alt=\"\" class=\"wp-image-11430\" srcset=\"https:\/\/arroyitoonline.com.ar\/wp-content\/uploads\/2021\/01\/elisa-carrizo.png 511w, https:\/\/arroyitoonline.com.ar\/wp-content\/uploads\/2021\/01\/elisa-carrizo-300x238.png 300w\" sizes=\"auto, (max-width: 511px) 100vw, 511px\" \/><figcaption><em>La despedida de Elisa, su hija.<\/em><\/figcaption><\/figure><\/div>\n\n\n\n<p>Luego de conocerse la noticia, su hija Elisa, lo despidi\u00f3 con un sentido mensaje en su cuenta de la red social Facebook. <em>&#8220;Vuela alto querido pap\u00e1. Gran profesor, gran dirigente, gran profesional, gran amigo, gran cantor y gran Padre, hasta siempre!!!&#8221;<\/em>, escribi\u00f3 la jefa municipal.<\/p>\n\n\n\n<p>El velatorio se desarroll\u00f3 hasta las 21:30 horas del lunes, en la sala de la Cooperativa de Servicios P\u00fablicos de Tr\u00e1nsito, ubicada en Urquiza casi esquina Agust\u00edn Pedro Justo (Ruta Nacional N\u00b0 19).<\/p>\n\n\n\n<p>Fuente: FM Libre 93.7.<\/p>\n\n\n\n<p><strong>Condolencias del Gobierno Municipal de Arroyito<\/strong><\/p>\n\n\n\n<p>En este marco, el intendente municipal Gustavo Benedetti, la viceintendenta Mar\u00eda Jos\u00e9 Esp\u00f3sito y el equipo de Gobierno<em> &#8220;hacen llegar sus condolencias a la familia del Dr. \u00c1ngel Antonio Carrizo quien fuera, en su fecunda tarea profesional, m\u00e9dico en la localidad de Tr\u00e1nsito, paraje La Curva y esta ciudad. Q.E.P.D., Dios lo tenga en su gloria&#8221;<\/em>.<\/p>\n","protected":false},"excerpt":{"rendered":"<p>Su hija Elisa, intendenta de la localidad de Tr\u00e1nsito, lo despidi\u00f3 con un sentido mensaje en la red social Facebook.&hellip;<\/p>\n","protected":false},"author":3,"featured_media":11429,"comment_status":"closed","ping_status":"open","sticky":false,"template":"","format":"standard","meta":{"footnotes":""},"categories":[900],"tags":[66,67,836,548,572,771],"class_list":["post-11428","post","type-post","status-publish","format-standard","has-post-thumbnail","hentry","category-noticias","tag-arroyito","tag-arroyito-cordoba","tag-arroyito-online","tag-muerte","tag-noticias-de-arroyito-y-zona","tag-transito"],"_links":{"self":[{"href":"https:\/\/arroyitoonline.com.ar\/index.php?rest_route=\/wp\/v2\/posts\/11428","targetHints":{"allow":["GET"]}}],"collection":[{"href":"https:\/\/arroyitoonline.com.ar\/index.php?rest_route=\/wp\/v2\/posts"}],"about":[{"href":"https:\/\/arroyitoonline.com.ar\/index.php?rest_route=\/wp\/v2\/types\/post"}],"author":[{"embeddable":true,"href":"https:\/\/arroyitoonline.com.ar\/index.php?rest_route=\/wp\/v2\/users\/3"}],"replies":[{"embeddable":true,"href":"https:\/\/arroyitoonline.com.ar\/index.php?rest_route=%2Fwp%2Fv2%2Fcomments&post=11428"}],"version-history":[{"count":3,"href":"https:\/\/arroyitoonline.com.ar\/index.php?rest_route=\/wp\/v2\/posts\/11428\/revisions"}],"predecessor-version":[{"id":11433,"href":"https:\/\/arroyitoonline.com.ar\/index.php?rest_route=\/wp\/v2\/posts\/11428\/revisions\/11433"}],"wp:featuredmedia":[{"embeddable":true,"href":"https:\/\/arroyitoonline.com.ar\/index.php?rest_route=\/wp\/v2\/media\/11429"}],"wp:attachment":[{"href":"https:\/\/arroyitoonline.com.ar\/index.php?rest_route=%2Fwp%2Fv2%2Fmedia&parent=11428"}],"wp:term":[{"taxonomy":"category","embeddable":true,"href":"https:\/\/arroyitoonline.com.ar\/index.php?rest_route=%2Fwp%2Fv2%2Fcategories&post=11428"},{"taxonomy":"post_tag","embeddable":true,"href":"https:\/\/arroyitoonline.com.ar\/index.php?rest_route=%2Fwp%2Fv2%2Ftags&post=11428"}],"curies":[{"name":"wp","href":"https:\/\/api.w.org\/{rel}","templated":true}]}}