{"id":11437,"date":"2021-01-20T11:36:05","date_gmt":"2021-01-20T11:36:05","guid":{"rendered":"https:\/\/arroyitoonline.com.ar\/?p=11437"},"modified":"2021-01-20T11:36:07","modified_gmt":"2021-01-20T11:36:07","slug":"repararon-cano-maestro-en-nicasio-yanez-y-mitre","status":"publish","type":"post","link":"https:\/\/arroyitoonline.com.ar\/?p=11437","title":{"rendered":"Repararon ca\u00f1o maestro en Nicasio Yanez y Mitre"},"content":{"rendered":"\n<p><strong>Desde el Gobierno Municipal, solicitan a los vecinos que circulen con precauci\u00f3n por ese sector.<\/strong><\/p>\n\n\n\n<p>Ayer, luego de trabajar varias horas en la intersecci\u00f3n de las calles<strong> Nicasio Yanez y Bartolom\u00e9 Mitre por la rotura de un ca\u00f1o maestro, la Secretar\u00eda de Servicios P\u00fablicos solucion\u00f3 el problema.<\/strong><\/p>\n\n\n\n<figure class=\"wp-block-image size-large\"><img loading=\"lazy\" decoding=\"async\" width=\"1024\" height=\"498\" src=\"https:\/\/arroyitoonline.com.ar\/wp-content\/uploads\/2021\/01\/arreglo-ca\u00f1o.jpeg\" alt=\"\" class=\"wp-image-11439\" srcset=\"https:\/\/arroyitoonline.com.ar\/wp-content\/uploads\/2021\/01\/arreglo-ca\u00f1o.jpeg 1024w, https:\/\/arroyitoonline.com.ar\/wp-content\/uploads\/2021\/01\/arreglo-ca\u00f1o-300x146.jpeg 300w, https:\/\/arroyitoonline.com.ar\/wp-content\/uploads\/2021\/01\/arreglo-ca\u00f1o-768x374.jpeg 768w\" sizes=\"auto, (max-width: 1024px) 100vw, 1024px\" \/><figcaption><em>Reparaci\u00f3n del ca\u00f1o da\u00f1ado en la intersecci\u00f3n de Nicasio Yanez y Bartolom\u00e9 Mitre<\/em><\/figcaption><\/figure>\n\n\n\n<p>Personal municipal, que se encontraba ejecutando intensas tareas en esa esquina durante todo el fin de semana, logr\u00f3 sellar la rotura del ca\u00f1o. Luego rellenaron el pozo y, en los pr\u00f3ximos d\u00edas, realizar\u00e1n la carpeta asf\u00e1ltica.<\/p>\n\n\n\n<p>Por tal motivo<strong>, desde el Gobierno Municipal, solicitan a los vecinos que circulen con precauci\u00f3n por ese sector.<\/strong><\/p>\n","protected":false},"excerpt":{"rendered":"<p>Desde el Gobierno Municipal, solicitan a los vecinos que circulen con precauci\u00f3n por ese sector. Ayer, luego de trabajar varias&hellip;<\/p>\n","protected":false},"author":3,"featured_media":11438,"comment_status":"closed","ping_status":"open","sticky":false,"template":"","format":"standard","meta":{"footnotes":""},"categories":[879],"tags":[41,66,67,836,1102,572,732],"class_list":["post-11437","post","type-post","status-publish","format-standard","has-post-thumbnail","hentry","category-servicios-publicos","tag-agua-potable","tag-arroyito","tag-arroyito-cordoba","tag-arroyito-online","tag-gobierno-municipal","tag-noticias-de-arroyito-y-zona","tag-servicios-publicos"],"_links":{"self":[{"href":"https:\/\/arroyitoonline.com.ar\/index.php?rest_route=\/wp\/v2\/posts\/11437","targetHints":{"allow":["GET"]}}],"collection":[{"href":"https:\/\/arroyitoonline.com.ar\/index.php?rest_route=\/wp\/v2\/posts"}],"about":[{"href":"https:\/\/arroyitoonline.com.ar\/index.php?rest_route=\/wp\/v2\/types\/post"}],"author":[{"embeddable":true,"href":"https:\/\/arroyitoonline.com.ar\/index.php?rest_route=\/wp\/v2\/users\/3"}],"replies":[{"embeddable":true,"href":"https:\/\/arroyitoonline.com.ar\/index.php?rest_route=%2Fwp%2Fv2%2Fcomments&post=11437"}],"version-history":[{"count":1,"href":"https:\/\/arroyitoonline.com.ar\/index.php?rest_route=\/wp\/v2\/posts\/11437\/revisions"}],"predecessor-version":[{"id":11440,"href":"https:\/\/arroyitoonline.com.ar\/index.php?rest_route=\/wp\/v2\/posts\/11437\/revisions\/11440"}],"wp:featuredmedia":[{"embeddable":true,"href":"https:\/\/arroyitoonline.com.ar\/index.php?rest_route=\/wp\/v2\/media\/11438"}],"wp:attachment":[{"href":"https:\/\/arroyitoonline.com.ar\/index.php?rest_route=%2Fwp%2Fv2%2Fmedia&parent=11437"}],"wp:term":[{"taxonomy":"category","embeddable":true,"href":"https:\/\/arroyitoonline.com.ar\/index.php?rest_route=%2Fwp%2Fv2%2Fcategories&post=11437"},{"taxonomy":"post_tag","embeddable":true,"href":"https:\/\/arroyitoonline.com.ar\/index.php?rest_route=%2Fwp%2Fv2%2Ftags&post=11437"}],"curies":[{"name":"wp","href":"https:\/\/api.w.org\/{rel}","templated":true}]}}