{"id":11504,"date":"2021-01-26T12:55:21","date_gmt":"2021-01-26T12:55:21","guid":{"rendered":"https:\/\/arroyitoonline.com.ar\/?p=11504"},"modified":"2021-01-27T14:30:47","modified_gmt":"2021-01-27T14:30:47","slug":"la-banda-sinfonica-estrena-nueva-obra","status":"publish","type":"post","link":"https:\/\/arroyitoonline.com.ar\/?p=11504","title":{"rendered":"La Banda Sinf\u00f3nica estrena nueva obra"},"content":{"rendered":"\n<p><strong>Se trata de <em>\u201cTierra de Sue\u00f1os\u201d<\/em>, compuesta por Leandro Lemos y dedicada a la ciudad de Arroyito.<\/strong><\/p>\n\n\n\n<p>La <strong>Banda Sinf\u00f3nica Municipal lanzar\u00e1 una nueva obra denominada <em>\u201cTierra de Sue\u00f1os\u201d<\/em>. Su autor, Leandro Lemos, la compuso y dedic\u00f3 a la ciudad de Arroyito.<\/strong><\/p>\n\n\n\n<figure class=\"wp-block-image size-large\"><img loading=\"lazy\" decoding=\"async\" width=\"1024\" height=\"1024\" src=\"https:\/\/arroyitoonline.com.ar\/wp-content\/uploads\/2021\/01\/estreno-de-obra-1024x1024.jpeg\" alt=\"\" class=\"wp-image-11505\" srcset=\"https:\/\/arroyitoonline.com.ar\/wp-content\/uploads\/2021\/01\/estreno-de-obra-1024x1024.jpeg 1024w, https:\/\/arroyitoonline.com.ar\/wp-content\/uploads\/2021\/01\/estreno-de-obra-300x300.jpeg 300w, https:\/\/arroyitoonline.com.ar\/wp-content\/uploads\/2021\/01\/estreno-de-obra-150x150.jpeg 150w, https:\/\/arroyitoonline.com.ar\/wp-content\/uploads\/2021\/01\/estreno-de-obra-768x768.jpeg 768w, https:\/\/arroyitoonline.com.ar\/wp-content\/uploads\/2021\/01\/estreno-de-obra.jpeg 1280w\" sizes=\"auto, (max-width: 1024px) 100vw, 1024px\" \/><\/figure>\n\n\n\n<p>El estreno ser\u00e1 con un videoclip<strong>, este viernes 29 de enero a las 21:00 horas, a trav\u00e9s de Canal 3 de nuestra ciudad, las redes sociales del Municipio, de la Secretar\u00eda de Educaci\u00f3n y Cultura y de la propia Banda Sinf\u00f3nica.<\/strong><\/p>\n\n\n\n<p>Foto de achivo.<\/p>\n","protected":false},"excerpt":{"rendered":"<p>Se trata de \u201cTierra de Sue\u00f1os\u201d, compuesta por Leandro Lemos y dedicada a la ciudad de Arroyito. La Banda Sinf\u00f3nica&hellip;<\/p>\n","protected":false},"author":3,"featured_media":6283,"comment_status":"closed","ping_status":"open","sticky":false,"template":"","format":"standard","meta":{"footnotes":""},"categories":[2],"tags":[66,67,836,98,99,259,864,351,1102,559,572,676],"class_list":["post-11504","post","type-post","status-publish","format-standard","has-post-thumbnail","hentry","category-cultura-y-espectaculos","tag-arroyito","tag-arroyito-cordoba","tag-arroyito-online","tag-banda-municipal","tag-banda-sinfonica","tag-cultura","tag-cultura-y-espectaculos-online","tag-espectaculos","tag-gobierno-municipal","tag-musica","tag-noticias-de-arroyito-y-zona","tag-redes-sociales"],"_links":{"self":[{"href":"https:\/\/arroyitoonline.com.ar\/index.php?rest_route=\/wp\/v2\/posts\/11504","targetHints":{"allow":["GET"]}}],"collection":[{"href":"https:\/\/arroyitoonline.com.ar\/index.php?rest_route=\/wp\/v2\/posts"}],"about":[{"href":"https:\/\/arroyitoonline.com.ar\/index.php?rest_route=\/wp\/v2\/types\/post"}],"author":[{"embeddable":true,"href":"https:\/\/arroyitoonline.com.ar\/index.php?rest_route=\/wp\/v2\/users\/3"}],"replies":[{"embeddable":true,"href":"https:\/\/arroyitoonline.com.ar\/index.php?rest_route=%2Fwp%2Fv2%2Fcomments&post=11504"}],"version-history":[{"count":1,"href":"https:\/\/arroyitoonline.com.ar\/index.php?rest_route=\/wp\/v2\/posts\/11504\/revisions"}],"predecessor-version":[{"id":11506,"href":"https:\/\/arroyitoonline.com.ar\/index.php?rest_route=\/wp\/v2\/posts\/11504\/revisions\/11506"}],"wp:featuredmedia":[{"embeddable":true,"href":"https:\/\/arroyitoonline.com.ar\/index.php?rest_route=\/wp\/v2\/media\/6283"}],"wp:attachment":[{"href":"https:\/\/arroyitoonline.com.ar\/index.php?rest_route=%2Fwp%2Fv2%2Fmedia&parent=11504"}],"wp:term":[{"taxonomy":"category","embeddable":true,"href":"https:\/\/arroyitoonline.com.ar\/index.php?rest_route=%2Fwp%2Fv2%2Fcategories&post=11504"},{"taxonomy":"post_tag","embeddable":true,"href":"https:\/\/arroyitoonline.com.ar\/index.php?rest_route=%2Fwp%2Fv2%2Ftags&post=11504"}],"curies":[{"name":"wp","href":"https:\/\/api.w.org\/{rel}","templated":true}]}}