{"id":11558,"date":"2021-02-01T02:26:01","date_gmt":"2021-02-01T02:26:01","guid":{"rendered":"https:\/\/arroyitoonline.com.ar\/?p=11558"},"modified":"2021-02-01T02:26:09","modified_gmt":"2021-02-01T02:26:09","slug":"operativo-identificar-haran-testeos-de-covid-19-masivos-en-la-plaza-25-de-mayo","status":"publish","type":"post","link":"https:\/\/arroyitoonline.com.ar\/?p=11558","title":{"rendered":"Operativo Identificar: har\u00e1n testeos de Covid-19 masivos en la Plaza 25 de Mayo"},"content":{"rendered":"\n<p><strong>Autoridades epidemiologicas del Ministerio de Salud y del COE Central visitar\u00e1n la ciudad este lunes.<\/strong><\/p>\n\n\n\n<p>Este lunes, Arroyito recibir\u00e1 la visita del Ministerio de Salud del Gobierno de la Provincia, para el desarrollo del Operativo Identificar, que se viene haciendo en diferentes localidades del departamento San Justo. En este marco, realizar\u00e1n testeos de Covid-19 masivos en la Plaza 25 de Mayo, desde las 9:30 horas.<\/p>\n\n\n\n<p>Durante la jornada, autoridades epidemiologicas del Ministerio de Salud y del Centro de Operaciones de Emergencias (COE) Central, har\u00e1n tambi\u00e9n un relevamiento sobre las necesidades de la localidad, en cuanto a la pandemia y unificar\u00e1n criterios de acci\u00f3n con el Centro de Emergencias (CEA) local, respecto a los pacientes prehospitalarios.<\/p>\n","protected":false},"excerpt":{"rendered":"<p>Autoridades epidemiologicas del Ministerio de Salud y del COE Central visitar\u00e1n la ciudad este lunes. Este lunes, Arroyito recibir\u00e1 la&hellip;<\/p>\n","protected":false},"author":3,"featured_media":11559,"comment_status":"closed","ping_status":"open","sticky":false,"template":"","format":"standard","meta":{"footnotes":""},"categories":[9],"tags":[66,67,836,1149,1151,1108,1152,404,405,1102,572,628],"class_list":["post-11558","post","type-post","status-publish","format-standard","has-post-thumbnail","hentry","category-infosalud","tag-arroyito","tag-arroyito-cordoba","tag-arroyito-online","tag-centro-de-emergencias-de-arroyito","tag-coe-central","tag-coronavirus","tag-covid-19","tag-gobierno-de-cordoba","tag-gobierno-de-la-provincia","tag-gobierno-municipal","tag-noticias-de-arroyito-y-zona","tag-plaza-25-de-mayo"],"_links":{"self":[{"href":"https:\/\/arroyitoonline.com.ar\/index.php?rest_route=\/wp\/v2\/posts\/11558","targetHints":{"allow":["GET"]}}],"collection":[{"href":"https:\/\/arroyitoonline.com.ar\/index.php?rest_route=\/wp\/v2\/posts"}],"about":[{"href":"https:\/\/arroyitoonline.com.ar\/index.php?rest_route=\/wp\/v2\/types\/post"}],"author":[{"embeddable":true,"href":"https:\/\/arroyitoonline.com.ar\/index.php?rest_route=\/wp\/v2\/users\/3"}],"replies":[{"embeddable":true,"href":"https:\/\/arroyitoonline.com.ar\/index.php?rest_route=%2Fwp%2Fv2%2Fcomments&post=11558"}],"version-history":[{"count":1,"href":"https:\/\/arroyitoonline.com.ar\/index.php?rest_route=\/wp\/v2\/posts\/11558\/revisions"}],"predecessor-version":[{"id":11560,"href":"https:\/\/arroyitoonline.com.ar\/index.php?rest_route=\/wp\/v2\/posts\/11558\/revisions\/11560"}],"wp:featuredmedia":[{"embeddable":true,"href":"https:\/\/arroyitoonline.com.ar\/index.php?rest_route=\/wp\/v2\/media\/11559"}],"wp:attachment":[{"href":"https:\/\/arroyitoonline.com.ar\/index.php?rest_route=%2Fwp%2Fv2%2Fmedia&parent=11558"}],"wp:term":[{"taxonomy":"category","embeddable":true,"href":"https:\/\/arroyitoonline.com.ar\/index.php?rest_route=%2Fwp%2Fv2%2Fcategories&post=11558"},{"taxonomy":"post_tag","embeddable":true,"href":"https:\/\/arroyitoonline.com.ar\/index.php?rest_route=%2Fwp%2Fv2%2Ftags&post=11558"}],"curies":[{"name":"wp","href":"https:\/\/api.w.org\/{rel}","templated":true}]}}