{"id":11585,"date":"2021-02-02T14:04:35","date_gmt":"2021-02-02T14:04:35","guid":{"rendered":"https:\/\/arroyitoonline.com.ar\/?p=11585"},"modified":"2021-02-02T14:33:11","modified_gmt":"2021-02-02T14:33:11","slug":"en-allanamiento-la-policia-incauto-vehiculo-con-pedido-de-secuestro","status":"publish","type":"post","link":"https:\/\/arroyitoonline.com.ar\/?p=11585","title":{"rendered":"En allanamiento, la Polic\u00eda incaut\u00f3 veh\u00edculo con pedido de secuestro"},"content":{"rendered":"\n<p><strong>Aunque el procedimiento arroj\u00f3 resultado negativo, personal de la Brigada de Investigaciones de la Comisar\u00eda hall\u00f3 el Fiat 128.<\/strong><\/p>\n\n\n\n<p>El s\u00e1bado a las 12:30 horas, personal de la Brigada Investigaciones de la Comisar\u00eda Distrito Arroyito se hizo presente en una vivienda ubicada en Av. Manuel Serra al 800, cumplimentando la orden de allanamiento librada por el Juzgado de Feria de la ciudad de San Francisco.<\/p>\n\n\n\n<p>El procedimiento, que se realiz\u00f3 en torno a actuaciones sumariales instruidas en la Unidad Judicial local por un hecho de hurto, arroj\u00f3 resultado negativo.<\/p>\n\n\n\n<p>Asimismo, la Polic\u00eda consult\u00f3 el dominio de un autom\u00f3vil Fiat 128, color negro, por sistema de la Direcci\u00f3n Nacional de los Registros Nacionales de la Propiedad del Automotor (Dnrpa) arrojando que el veh\u00edculo posee pedido de secuestro, procediendo as\u00ed a su secuestro y quedando a disposici\u00f3n de Fiscal\u00eda de Feria.<\/p>\n\n\n\n<p>Fuente: informe del subcomisario Facundo Bosco | Jefe de la Comisar\u00eda Distrito Arroyito.<strong><\/strong><\/p>\n","protected":false},"excerpt":{"rendered":"<p>Aunque el procedimiento arroj\u00f3 resultado negativo, personal de la Brigada de Investigaciones de la Comisar\u00eda hall\u00f3 el Fiat 128. El&hellip;<\/p>\n","protected":false},"author":3,"featured_media":11586,"comment_status":"closed","ping_status":"open","sticky":false,"template":"","format":"standard","meta":{"footnotes":""},"categories":[824],"tags":[47,66,67,836,572,635,637,638,825],"class_list":["post-11585","post","type-post","status-publish","format-standard","has-post-thumbnail","hentry","category-policiales-online","tag-allanamiento","tag-arroyito","tag-arroyito-cordoba","tag-arroyito-online","tag-noticias-de-arroyito-y-zona","tag-policia","tag-policiales","tag-policiales-arroyito","tag-policiales-online"],"_links":{"self":[{"href":"https:\/\/arroyitoonline.com.ar\/index.php?rest_route=\/wp\/v2\/posts\/11585","targetHints":{"allow":["GET"]}}],"collection":[{"href":"https:\/\/arroyitoonline.com.ar\/index.php?rest_route=\/wp\/v2\/posts"}],"about":[{"href":"https:\/\/arroyitoonline.com.ar\/index.php?rest_route=\/wp\/v2\/types\/post"}],"author":[{"embeddable":true,"href":"https:\/\/arroyitoonline.com.ar\/index.php?rest_route=\/wp\/v2\/users\/3"}],"replies":[{"embeddable":true,"href":"https:\/\/arroyitoonline.com.ar\/index.php?rest_route=%2Fwp%2Fv2%2Fcomments&post=11585"}],"version-history":[{"count":2,"href":"https:\/\/arroyitoonline.com.ar\/index.php?rest_route=\/wp\/v2\/posts\/11585\/revisions"}],"predecessor-version":[{"id":11590,"href":"https:\/\/arroyitoonline.com.ar\/index.php?rest_route=\/wp\/v2\/posts\/11585\/revisions\/11590"}],"wp:featuredmedia":[{"embeddable":true,"href":"https:\/\/arroyitoonline.com.ar\/index.php?rest_route=\/wp\/v2\/media\/11586"}],"wp:attachment":[{"href":"https:\/\/arroyitoonline.com.ar\/index.php?rest_route=%2Fwp%2Fv2%2Fmedia&parent=11585"}],"wp:term":[{"taxonomy":"category","embeddable":true,"href":"https:\/\/arroyitoonline.com.ar\/index.php?rest_route=%2Fwp%2Fv2%2Fcategories&post=11585"},{"taxonomy":"post_tag","embeddable":true,"href":"https:\/\/arroyitoonline.com.ar\/index.php?rest_route=%2Fwp%2Fv2%2Ftags&post=11585"}],"curies":[{"name":"wp","href":"https:\/\/api.w.org\/{rel}","templated":true}]}}