{"id":11588,"date":"2021-02-02T14:14:39","date_gmt":"2021-02-02T14:14:39","guid":{"rendered":"https:\/\/arroyitoonline.com.ar\/?p=11588"},"modified":"2021-02-02T14:14:45","modified_gmt":"2021-02-02T14:14:45","slug":"detuvieron-a-pareja-que-tenia-prohibicion-de-contacto","status":"publish","type":"post","link":"https:\/\/arroyitoonline.com.ar\/?p=11588","title":{"rendered":"Detuvieron a pareja que ten\u00eda prohibici\u00f3n de contacto"},"content":{"rendered":"\n<p><strong>En la Comisar\u00eda fueron identificados, siendo un hombre de 35 y una mujer de 27 a\u00f1os, los dos de Arroyito.<\/strong><\/p>\n\n\n\n<p>El domingo a las 8:00 horas, personal policial se encontraba realizando patrullaje preventivo por el sector del Balneario Municipal.<\/p>\n\n\n\n<p>En ese marco observaron a una pareja, cuyos miembros ten\u00edan prohibici\u00f3n de contacto vigente. Por tal motivo, uniformados procedieron a la aprehensi\u00f3n y al traslado de ambos a la Comisar\u00eda Distrito Arroyito.<\/p>\n\n\n\n<p>All\u00ed fueron identificados, siendo un hombre de 35 y una mujer de 27 a\u00f1os, los dos de Arroyito. A continuaci\u00f3n, se puso en conocimiento a la Fiscal\u00eda de Feria de la ciudad de Las Varillas inici\u00e1ndose las correspondientes actuaciones sumariales de rigor.<\/p>\n\n\n\n<p>Fuente: informe del subcomisario Facundo Bosco | Jefe de la Comisar\u00eda Distrito Arroyito.<\/p>\n","protected":false},"excerpt":{"rendered":"<p>En la Comisar\u00eda fueron identificados, siendo un hombre de 35 y una mujer de 27 a\u00f1os, los dos de Arroyito.&hellip;<\/p>\n","protected":false},"author":3,"featured_media":9908,"comment_status":"closed","ping_status":"open","sticky":false,"template":"","format":"standard","meta":{"footnotes":""},"categories":[824],"tags":[66,67,836,95,572,635,637,638,825],"class_list":["post-11588","post","type-post","status-publish","format-standard","has-post-thumbnail","hentry","category-policiales-online","tag-arroyito","tag-arroyito-cordoba","tag-arroyito-online","tag-balneario","tag-noticias-de-arroyito-y-zona","tag-policia","tag-policiales","tag-policiales-arroyito","tag-policiales-online"],"_links":{"self":[{"href":"https:\/\/arroyitoonline.com.ar\/index.php?rest_route=\/wp\/v2\/posts\/11588","targetHints":{"allow":["GET"]}}],"collection":[{"href":"https:\/\/arroyitoonline.com.ar\/index.php?rest_route=\/wp\/v2\/posts"}],"about":[{"href":"https:\/\/arroyitoonline.com.ar\/index.php?rest_route=\/wp\/v2\/types\/post"}],"author":[{"embeddable":true,"href":"https:\/\/arroyitoonline.com.ar\/index.php?rest_route=\/wp\/v2\/users\/3"}],"replies":[{"embeddable":true,"href":"https:\/\/arroyitoonline.com.ar\/index.php?rest_route=%2Fwp%2Fv2%2Fcomments&post=11588"}],"version-history":[{"count":1,"href":"https:\/\/arroyitoonline.com.ar\/index.php?rest_route=\/wp\/v2\/posts\/11588\/revisions"}],"predecessor-version":[{"id":11589,"href":"https:\/\/arroyitoonline.com.ar\/index.php?rest_route=\/wp\/v2\/posts\/11588\/revisions\/11589"}],"wp:featuredmedia":[{"embeddable":true,"href":"https:\/\/arroyitoonline.com.ar\/index.php?rest_route=\/wp\/v2\/media\/9908"}],"wp:attachment":[{"href":"https:\/\/arroyitoonline.com.ar\/index.php?rest_route=%2Fwp%2Fv2%2Fmedia&parent=11588"}],"wp:term":[{"taxonomy":"category","embeddable":true,"href":"https:\/\/arroyitoonline.com.ar\/index.php?rest_route=%2Fwp%2Fv2%2Fcategories&post=11588"},{"taxonomy":"post_tag","embeddable":true,"href":"https:\/\/arroyitoonline.com.ar\/index.php?rest_route=%2Fwp%2Fv2%2Ftags&post=11588"}],"curies":[{"name":"wp","href":"https:\/\/api.w.org\/{rel}","templated":true}]}}