{"id":11671,"date":"2021-02-13T03:42:46","date_gmt":"2021-02-13T03:42:46","guid":{"rendered":"https:\/\/arroyitoonline.com.ar\/?p=11671"},"modified":"2021-02-13T03:42:48","modified_gmt":"2021-02-13T03:42:48","slug":"el-domingo-habra-feria-de-artesanos-y-practica-de-la-banda-sinfonica-en-la-plaza-25-de-mayo","status":"publish","type":"post","link":"https:\/\/arroyitoonline.com.ar\/?p=11671","title":{"rendered":"El domingo habr\u00e1 feria de artesanos y pr\u00e1ctica de la Banda Sinf\u00f3nica en la Plaza 25 de Mayo"},"content":{"rendered":"\n<p><strong>Se trata de pr\u00e1cticas en vivo que realizan los talleres de la Casa de la Cultura, cada domingo, en el espacio al aire libre.<\/strong><\/p>\n\n\n\n<p>La Secretar\u00eda de Educaci\u00f3n y Cultura del Gobierno Municipal <strong>ha puesto en marcha una creativa propuesta para los vecinos de Arroyito.<\/strong><\/p>\n\n\n\n<p><strong>Todos los domingos,<\/strong>\u00a0<strong>con la presencia de los artesanos locales, la Plaza 25 de Mayo se llena de arte mediante las pr\u00e1cticas en vivo de los talleres que brinda la Casa de la Cultura.<\/strong><\/p>\n\n\n\n<p><strong>Desde la organizaci\u00f3n invitan para este 14 de febrero, desde las 19:00 horas, donde los protagonistas ser\u00e1n los alumnos e integrantes de la Banda Sinf\u00f3nica.<\/strong> En tanto, la feria de artesanos comienza a las 18:00.<\/p>\n\n\n\n<p>Por su parte, el pasado 7 de febrero, la Escuela Municipal de Danzas y el Coro de C\u00e1mara se lucieron en la explanada del espacio al aire libre, generando un momento de aprendizaje y espect\u00e1culo para los vecinos.<\/p>\n","protected":false},"excerpt":{"rendered":"<p>Se trata de pr\u00e1cticas en vivo que realizan los talleres de la Casa de la Cultura, cada domingo, en el&hellip;<\/p>\n","protected":false},"author":3,"featured_media":11672,"comment_status":"closed","ping_status":"open","sticky":false,"template":"","format":"standard","meta":{"footnotes":""},"categories":[2],"tags":[66,67,836,1212,99,158,259,864,1102,572,628],"class_list":["post-11671","post","type-post","status-publish","format-standard","has-post-thumbnail","hentry","category-cultura-y-espectaculos","tag-arroyito","tag-arroyito-cordoba","tag-arroyito-online","tag-artesanos","tag-banda-sinfonica","tag-casa-de-la-cultura","tag-cultura","tag-cultura-y-espectaculos-online","tag-gobierno-municipal","tag-noticias-de-arroyito-y-zona","tag-plaza-25-de-mayo"],"_links":{"self":[{"href":"https:\/\/arroyitoonline.com.ar\/index.php?rest_route=\/wp\/v2\/posts\/11671","targetHints":{"allow":["GET"]}}],"collection":[{"href":"https:\/\/arroyitoonline.com.ar\/index.php?rest_route=\/wp\/v2\/posts"}],"about":[{"href":"https:\/\/arroyitoonline.com.ar\/index.php?rest_route=\/wp\/v2\/types\/post"}],"author":[{"embeddable":true,"href":"https:\/\/arroyitoonline.com.ar\/index.php?rest_route=\/wp\/v2\/users\/3"}],"replies":[{"embeddable":true,"href":"https:\/\/arroyitoonline.com.ar\/index.php?rest_route=%2Fwp%2Fv2%2Fcomments&post=11671"}],"version-history":[{"count":1,"href":"https:\/\/arroyitoonline.com.ar\/index.php?rest_route=\/wp\/v2\/posts\/11671\/revisions"}],"predecessor-version":[{"id":11673,"href":"https:\/\/arroyitoonline.com.ar\/index.php?rest_route=\/wp\/v2\/posts\/11671\/revisions\/11673"}],"wp:featuredmedia":[{"embeddable":true,"href":"https:\/\/arroyitoonline.com.ar\/index.php?rest_route=\/wp\/v2\/media\/11672"}],"wp:attachment":[{"href":"https:\/\/arroyitoonline.com.ar\/index.php?rest_route=%2Fwp%2Fv2%2Fmedia&parent=11671"}],"wp:term":[{"taxonomy":"category","embeddable":true,"href":"https:\/\/arroyitoonline.com.ar\/index.php?rest_route=%2Fwp%2Fv2%2Fcategories&post=11671"},{"taxonomy":"post_tag","embeddable":true,"href":"https:\/\/arroyitoonline.com.ar\/index.php?rest_route=%2Fwp%2Fv2%2Ftags&post=11671"}],"curies":[{"name":"wp","href":"https:\/\/api.w.org\/{rel}","templated":true}]}}