{"id":11684,"date":"2021-02-16T03:23:13","date_gmt":"2021-02-16T03:23:13","guid":{"rendered":"https:\/\/arroyitoonline.com.ar\/?p=11684"},"modified":"2021-02-16T03:23:16","modified_gmt":"2021-02-16T03:23:16","slug":"feriados-de-carnaval-como-sera-la-prestacion-de-los-servicios-publicos","status":"publish","type":"post","link":"https:\/\/arroyitoonline.com.ar\/?p=11684","title":{"rendered":"Feriados de Carnaval: c\u00f3mo ser\u00e1 la prestaci\u00f3n de los servicios p\u00fablicos"},"content":{"rendered":"\n<p><strong>La Secretar\u00eda de Servicios P\u00fablicos del Gobierno Municipal inform\u00f3 cronogramas de recolecci\u00f3n de residuos y poda y escombros.<\/strong><\/p>\n\n\n\n<p>La Secretar\u00eda de Servicios P\u00fablicos inform\u00f3 el cronograma de r<strong>ecolecci\u00f3n de residuos domiciliarios y poda y escombros, durante los feriados de Carnaval, los d\u00edas lunes 15 y martes 16 de febrero.<br><\/strong><br><strong>Recolecci\u00f3n de residuos domiciliarios<\/strong><br><strong>Lunes 15\/02: normal.<br>Martes 16\/02: no habr\u00e1.<\/strong><\/p>\n\n\n\n<figure class=\"wp-block-image size-large\"><img loading=\"lazy\" decoding=\"async\" width=\"1024\" height=\"1024\" src=\"https:\/\/arroyitoonline.com.ar\/wp-content\/uploads\/2021\/02\/servicios-p\u00fablicos-feriados-carnaval-1024x1024.jpeg\" alt=\"\" class=\"wp-image-11685\" srcset=\"https:\/\/arroyitoonline.com.ar\/wp-content\/uploads\/2021\/02\/servicios-p\u00fablicos-feriados-carnaval-1024x1024.jpeg 1024w, https:\/\/arroyitoonline.com.ar\/wp-content\/uploads\/2021\/02\/servicios-p\u00fablicos-feriados-carnaval-300x300.jpeg 300w, https:\/\/arroyitoonline.com.ar\/wp-content\/uploads\/2021\/02\/servicios-p\u00fablicos-feriados-carnaval-150x150.jpeg 150w, https:\/\/arroyitoonline.com.ar\/wp-content\/uploads\/2021\/02\/servicios-p\u00fablicos-feriados-carnaval-768x768.jpeg 768w, https:\/\/arroyitoonline.com.ar\/wp-content\/uploads\/2021\/02\/servicios-p\u00fablicos-feriados-carnaval.jpeg 1181w\" sizes=\"auto, (max-width: 1024px) 100vw, 1024px\" \/><\/figure>\n\n\n\n<p><strong>Recolecci\u00f3n de poda y escombros:<\/strong><br><strong>Lunes 15\/02: lo correspondiente a la totalidad del d\u00eda se realizar\u00e1 por la ma\u00f1ana.<br>Martes 16\/02: lo correspondiente a la totalidad del d\u00eda se realizar\u00e1 por la ma\u00f1ana.<\/strong><\/p>\n\n\n\n<p>Foto de archivo.<\/p>\n","protected":false},"excerpt":{"rendered":"<p>La Secretar\u00eda de Servicios P\u00fablicos del Gobierno Municipal inform\u00f3 cronogramas de recolecci\u00f3n de residuos y poda y escombros. La Secretar\u00eda&hellip;<\/p>\n","protected":false},"author":3,"featured_media":2563,"comment_status":"closed","ping_status":"open","sticky":false,"template":"","format":"standard","meta":{"footnotes":""},"categories":[879],"tags":[66,67,836,155,367,572,632,675,731,732],"class_list":["post-11684","post","type-post","status-publish","format-standard","has-post-thumbnail","hentry","category-servicios-publicos","tag-arroyito","tag-arroyito-cordoba","tag-arroyito-online","tag-carnaval","tag-feriado","tag-noticias-de-arroyito-y-zona","tag-poda","tag-recoleccion-de-residuos","tag-servicios","tag-servicios-publicos"],"_links":{"self":[{"href":"https:\/\/arroyitoonline.com.ar\/index.php?rest_route=\/wp\/v2\/posts\/11684","targetHints":{"allow":["GET"]}}],"collection":[{"href":"https:\/\/arroyitoonline.com.ar\/index.php?rest_route=\/wp\/v2\/posts"}],"about":[{"href":"https:\/\/arroyitoonline.com.ar\/index.php?rest_route=\/wp\/v2\/types\/post"}],"author":[{"embeddable":true,"href":"https:\/\/arroyitoonline.com.ar\/index.php?rest_route=\/wp\/v2\/users\/3"}],"replies":[{"embeddable":true,"href":"https:\/\/arroyitoonline.com.ar\/index.php?rest_route=%2Fwp%2Fv2%2Fcomments&post=11684"}],"version-history":[{"count":1,"href":"https:\/\/arroyitoonline.com.ar\/index.php?rest_route=\/wp\/v2\/posts\/11684\/revisions"}],"predecessor-version":[{"id":11686,"href":"https:\/\/arroyitoonline.com.ar\/index.php?rest_route=\/wp\/v2\/posts\/11684\/revisions\/11686"}],"wp:featuredmedia":[{"embeddable":true,"href":"https:\/\/arroyitoonline.com.ar\/index.php?rest_route=\/wp\/v2\/media\/2563"}],"wp:attachment":[{"href":"https:\/\/arroyitoonline.com.ar\/index.php?rest_route=%2Fwp%2Fv2%2Fmedia&parent=11684"}],"wp:term":[{"taxonomy":"category","embeddable":true,"href":"https:\/\/arroyitoonline.com.ar\/index.php?rest_route=%2Fwp%2Fv2%2Fcategories&post=11684"},{"taxonomy":"post_tag","embeddable":true,"href":"https:\/\/arroyitoonline.com.ar\/index.php?rest_route=%2Fwp%2Fv2%2Ftags&post=11684"}],"curies":[{"name":"wp","href":"https:\/\/api.w.org\/{rel}","templated":true}]}}