{"id":11693,"date":"2021-02-16T18:05:07","date_gmt":"2021-02-16T18:05:07","guid":{"rendered":"https:\/\/arroyitoonline.com.ar\/?p=11693"},"modified":"2021-02-16T18:05:09","modified_gmt":"2021-02-16T18:05:09","slug":"covid-19-en-arroyito-16-hisopados-positivos-entre-jovenes-que-volvieron-de-viaje-de-egresados","status":"publish","type":"post","link":"https:\/\/arroyitoonline.com.ar\/?p=11693","title":{"rendered":"Covid-19 en Arroyito: 16 hisopados positivos entre j\u00f3venes que volvieron de viaje de egresados"},"content":{"rendered":"\n<p><strong>Hoy, el CEA y el hospital municipal hicieron 28 hisopados a estudiantes. Tanto los positivos como los negativos deber\u00e1n permanecer aislados. <\/strong><\/p>\n\n\n\n<p>El Centro de Emergencias de Arroyito y el Hospital Municipal Carlos J. Rodr\u00edguez\u00a0realizaron <strong>hoy, testeos de Covid-19 a los estudiantes locales que arribaron a nuestra ciudad, provenientes de su viaje de egresados<\/strong>.<\/p>\n\n\n\n<p>En total<strong>, hicieron 28 hisopados r\u00e1pidos, test de ant\u00edgeno, que arrojaron como resultado 16 positivos y 12 negativos<\/strong>.<\/p>\n\n\n\n<p>Los j\u00f3venes estuvieron acompa\u00f1ados por sus familias, quienes recibieron la informaci\u00f3n de que\u00a0\u00a0<strong>deben permanecer aislados por 10 d\u00edas para evitar contagios.<\/strong><\/p>\n\n\n\n<p>Tanto los positivos como los negativos tienen que mantenerse aislados\u00a0<strong>salvaguardando, sobre todo, la salud de las personas mayores.<\/strong><\/p>\n\n\n\n<p>En los pr\u00f3ximos d\u00edas <strong>seguir\u00e1n realiz\u00e1ndose nuevos testeos a los estudiantes que lleguen a la ciudad, de regreso de su viaje de egresados.<\/strong><\/p>\n\n\n\n<p><strong>Adem\u00e1s, este jueves 18 de 9:00 a 13:00 horas, en la Plaza 25 de Mayo, ser\u00e1 el segundo testeo masivo<\/strong>, en el marco del Operativo Identificar. <\/p>\n","protected":false},"excerpt":{"rendered":"<p>Hoy, el CEA y el hospital municipal hicieron 28 hisopados a estudiantes. Tanto los positivos como los negativos deber\u00e1n permanecer&hellip;<\/p>\n","protected":false},"author":3,"featured_media":11694,"comment_status":"closed","ping_status":"open","sticky":false,"template":"","format":"standard","meta":{"footnotes":""},"categories":[9],"tags":[66,67,836,1149,1108,1152,1160,426,1177,875,572,1075],"class_list":["post-11693","post","type-post","status-publish","format-standard","has-post-thumbnail","hentry","category-infosalud","tag-arroyito","tag-arroyito-cordoba","tag-arroyito-online","tag-centro-de-emergencias-de-arroyito","tag-coronavirus","tag-covid-19","tag-hisopados","tag-hospital","tag-hospital-municipal-carlos-j-rodriguez","tag-jovenes-2","tag-noticias-de-arroyito-y-zona","tag-viaje"],"_links":{"self":[{"href":"https:\/\/arroyitoonline.com.ar\/index.php?rest_route=\/wp\/v2\/posts\/11693","targetHints":{"allow":["GET"]}}],"collection":[{"href":"https:\/\/arroyitoonline.com.ar\/index.php?rest_route=\/wp\/v2\/posts"}],"about":[{"href":"https:\/\/arroyitoonline.com.ar\/index.php?rest_route=\/wp\/v2\/types\/post"}],"author":[{"embeddable":true,"href":"https:\/\/arroyitoonline.com.ar\/index.php?rest_route=\/wp\/v2\/users\/3"}],"replies":[{"embeddable":true,"href":"https:\/\/arroyitoonline.com.ar\/index.php?rest_route=%2Fwp%2Fv2%2Fcomments&post=11693"}],"version-history":[{"count":1,"href":"https:\/\/arroyitoonline.com.ar\/index.php?rest_route=\/wp\/v2\/posts\/11693\/revisions"}],"predecessor-version":[{"id":11695,"href":"https:\/\/arroyitoonline.com.ar\/index.php?rest_route=\/wp\/v2\/posts\/11693\/revisions\/11695"}],"wp:featuredmedia":[{"embeddable":true,"href":"https:\/\/arroyitoonline.com.ar\/index.php?rest_route=\/wp\/v2\/media\/11694"}],"wp:attachment":[{"href":"https:\/\/arroyitoonline.com.ar\/index.php?rest_route=%2Fwp%2Fv2%2Fmedia&parent=11693"}],"wp:term":[{"taxonomy":"category","embeddable":true,"href":"https:\/\/arroyitoonline.com.ar\/index.php?rest_route=%2Fwp%2Fv2%2Fcategories&post=11693"},{"taxonomy":"post_tag","embeddable":true,"href":"https:\/\/arroyitoonline.com.ar\/index.php?rest_route=%2Fwp%2Fv2%2Ftags&post=11693"}],"curies":[{"name":"wp","href":"https:\/\/api.w.org\/{rel}","templated":true}]}}