{"id":11702,"date":"2021-02-17T21:07:55","date_gmt":"2021-02-17T21:07:55","guid":{"rendered":"https:\/\/arroyitoonline.com.ar\/?p=11702"},"modified":"2021-02-17T21:07:56","modified_gmt":"2021-02-17T21:07:56","slug":"encontraron-muerto-a-un-hombre-mayor-en-el-interior-de-su-casa","status":"publish","type":"post","link":"https:\/\/arroyitoonline.com.ar\/?p=11702","title":{"rendered":"Encontraron muerto a un hombre mayor, en el interior de su casa"},"content":{"rendered":"\n<p><strong>Los vecinos del fallecido dieron aviso a la Polic\u00eda, porque hac\u00eda varios d\u00edas que no lo ve\u00edan.<\/strong><\/p>\n\n\n\n<p>El s\u00e1bado pasado hallaron sin vida en su casa, a un hombre mayor. Ese d\u00eda a las 20:30 horas, la Polic\u00eda recibi\u00f3 un llamado a la l\u00ednea de emergencia 101, manifestando que, por calle Roque S\u00e1enz Pe\u00f1a al 700, los vecinos hac\u00eda varios d\u00edas que no ve\u00edan al propietario del domicilio.<\/p>\n\n\n\n<p>Por tal motivo, se comision\u00f3 en el lugar personal policial, donde constat\u00f3 el deceso del sujeto de 65 a\u00f1os. Tambi\u00e9n se presentaron Polic\u00eda Cient\u00edfica y bomberos voluntarios.<\/p>\n\n\n\n<p>Interviene en el caso, Fiscal\u00eda de Instrucci\u00f3n de la ciudad de Arroyito, quien orden\u00f3 que se trasladara el cuerpo hacia la Morgue Judicial de San Francisco.<\/p>\n\n\n\n<p>Fuente: informe del subcomisario Facundo Bosco \u2013 Jefe de la Comisar\u00edae Distrito Arroyito.<\/p>\n","protected":false},"excerpt":{"rendered":"<p>Los vecinos del fallecido dieron aviso a la Polic\u00eda, porque hac\u00eda varios d\u00edas que no lo ve\u00edan. El s\u00e1bado pasado&hellip;<\/p>\n","protected":false},"author":3,"featured_media":9911,"comment_status":"closed","ping_status":"open","sticky":false,"template":"","format":"standard","meta":{"footnotes":""},"categories":[824],"tags":[66,67,836,548,572,635,637,638,825],"class_list":["post-11702","post","type-post","status-publish","format-standard","has-post-thumbnail","hentry","category-policiales-online","tag-arroyito","tag-arroyito-cordoba","tag-arroyito-online","tag-muerte","tag-noticias-de-arroyito-y-zona","tag-policia","tag-policiales","tag-policiales-arroyito","tag-policiales-online"],"_links":{"self":[{"href":"https:\/\/arroyitoonline.com.ar\/index.php?rest_route=\/wp\/v2\/posts\/11702","targetHints":{"allow":["GET"]}}],"collection":[{"href":"https:\/\/arroyitoonline.com.ar\/index.php?rest_route=\/wp\/v2\/posts"}],"about":[{"href":"https:\/\/arroyitoonline.com.ar\/index.php?rest_route=\/wp\/v2\/types\/post"}],"author":[{"embeddable":true,"href":"https:\/\/arroyitoonline.com.ar\/index.php?rest_route=\/wp\/v2\/users\/3"}],"replies":[{"embeddable":true,"href":"https:\/\/arroyitoonline.com.ar\/index.php?rest_route=%2Fwp%2Fv2%2Fcomments&post=11702"}],"version-history":[{"count":1,"href":"https:\/\/arroyitoonline.com.ar\/index.php?rest_route=\/wp\/v2\/posts\/11702\/revisions"}],"predecessor-version":[{"id":11703,"href":"https:\/\/arroyitoonline.com.ar\/index.php?rest_route=\/wp\/v2\/posts\/11702\/revisions\/11703"}],"wp:featuredmedia":[{"embeddable":true,"href":"https:\/\/arroyitoonline.com.ar\/index.php?rest_route=\/wp\/v2\/media\/9911"}],"wp:attachment":[{"href":"https:\/\/arroyitoonline.com.ar\/index.php?rest_route=%2Fwp%2Fv2%2Fmedia&parent=11702"}],"wp:term":[{"taxonomy":"category","embeddable":true,"href":"https:\/\/arroyitoonline.com.ar\/index.php?rest_route=%2Fwp%2Fv2%2Fcategories&post=11702"},{"taxonomy":"post_tag","embeddable":true,"href":"https:\/\/arroyitoonline.com.ar\/index.php?rest_route=%2Fwp%2Fv2%2Ftags&post=11702"}],"curies":[{"name":"wp","href":"https:\/\/api.w.org\/{rel}","templated":true}]}}