{"id":11737,"date":"2021-02-23T13:09:41","date_gmt":"2021-02-23T13:09:41","guid":{"rendered":"https:\/\/arroyitoonline.com.ar\/?p=11737"},"modified":"2021-02-23T13:09:42","modified_gmt":"2021-02-23T13:09:42","slug":"este-lunes-reabrio-sus-puertas-el-canf-virgen-nina","status":"publish","type":"post","link":"https:\/\/arroyitoonline.com.ar\/?p=11737","title":{"rendered":"Este lunes reabri\u00f3 sus puertas el CANF Virgen Ni\u00f1a"},"content":{"rendered":"\n<p><strong>Se produjo el inicio de actividades, con grupos reducidos (burbujas), en las salas de 1, 2 y 3 a\u00f1os de la <strong>la Sede Central<\/strong>.<\/strong><\/p>\n\n\n\n<p>Este lunes 22, el <strong>Centro de Apoyo al Ni\u00f1o y la Familia Virgen Ni\u00f1a reabri\u00f3 sus puertas, con grupos reducidos (burbujas), en las salas de 1, 2 y 3 a\u00f1os<\/strong> de la <strong>Sede Central<\/strong>.<\/p>\n\n\n\n<p>Con los protocolos correspondientes, uso de barbijos (en adultos), distanciamiento social y medidas de bioseguridad, el CANF dio inicio, en contexto de pandemia, y&nbsp;<strong>como prueba piloto, para los chicos y chicas inscriptos en 2020.<\/strong><\/p>\n\n\n\n<div class=\"wp-block-image\"><figure class=\"aligncenter\"><img decoding=\"async\" src=\"https:\/\/www.municipioarroyito.gob.ar\/wp-content\/uploads\/2021\/02\/virgen-nina-feb-2-1-1024x683.jpeg\" alt=\"\" class=\"wp-image-31975\"\/><\/figure><\/div>\n\n\n\n<p>Extremando los cuidados, desarrollar\u00e1n&nbsp;<strong>una constante desinfecci\u00f3n&nbsp;<\/strong>de juguetes, material did\u00e1ctico,&nbsp; camas, juegos al aire libre, y toda superficie que represente un riesgo para la transmisi\u00f3n de cualquier virus.&nbsp;&nbsp;<\/p>\n\n\n\n<div class=\"wp-block-image\"><figure class=\"aligncenter\"><img decoding=\"async\" src=\"https:\/\/www.municipioarroyito.gob.ar\/wp-content\/uploads\/2021\/02\/virgen-nina-feb-3.jpeg\" alt=\"\" class=\"wp-image-31977\"\/><\/figure><\/div>\n\n\n\n<p>En caso de darse el funcionamiento con \u201cnormalidad\u201d en la Sede Central,<strong> se considerar\u00e1 retomar las actividades en los Anexos Norte y Sur a fines del mes de marzo, como as\u00ed tambi\u00e9n, la apertura de una pr\u00f3xima inscripci\u00f3n para este 2021.<\/strong><\/p>\n","protected":false},"excerpt":{"rendered":"<p>Se produjo el inicio de actividades, con grupos reducidos (burbujas), en las salas de 1, 2 y 3 a\u00f1os de&hellip;<\/p>\n","protected":false},"author":3,"featured_media":11740,"comment_status":"closed","ping_status":"open","sticky":false,"template":"","format":"standard","meta":{"footnotes":""},"categories":[830],"tags":[66,67,836,170,310,1102,409,570,572],"class_list":["post-11737","post","type-post","status-publish","format-standard","has-post-thumbnail","hentry","category-educacion-online","tag-arroyito","tag-arroyito-cordoba","tag-arroyito-online","tag-centro-de-apoyo-al-nino-y-la-familia","tag-educacion","tag-gobierno-municipal","tag-guarderia-virgen-nina","tag-ninez","tag-noticias-de-arroyito-y-zona"],"_links":{"self":[{"href":"https:\/\/arroyitoonline.com.ar\/index.php?rest_route=\/wp\/v2\/posts\/11737","targetHints":{"allow":["GET"]}}],"collection":[{"href":"https:\/\/arroyitoonline.com.ar\/index.php?rest_route=\/wp\/v2\/posts"}],"about":[{"href":"https:\/\/arroyitoonline.com.ar\/index.php?rest_route=\/wp\/v2\/types\/post"}],"author":[{"embeddable":true,"href":"https:\/\/arroyitoonline.com.ar\/index.php?rest_route=\/wp\/v2\/users\/3"}],"replies":[{"embeddable":true,"href":"https:\/\/arroyitoonline.com.ar\/index.php?rest_route=%2Fwp%2Fv2%2Fcomments&post=11737"}],"version-history":[{"count":2,"href":"https:\/\/arroyitoonline.com.ar\/index.php?rest_route=\/wp\/v2\/posts\/11737\/revisions"}],"predecessor-version":[{"id":11741,"href":"https:\/\/arroyitoonline.com.ar\/index.php?rest_route=\/wp\/v2\/posts\/11737\/revisions\/11741"}],"wp:featuredmedia":[{"embeddable":true,"href":"https:\/\/arroyitoonline.com.ar\/index.php?rest_route=\/wp\/v2\/media\/11740"}],"wp:attachment":[{"href":"https:\/\/arroyitoonline.com.ar\/index.php?rest_route=%2Fwp%2Fv2%2Fmedia&parent=11737"}],"wp:term":[{"taxonomy":"category","embeddable":true,"href":"https:\/\/arroyitoonline.com.ar\/index.php?rest_route=%2Fwp%2Fv2%2Fcategories&post=11737"},{"taxonomy":"post_tag","embeddable":true,"href":"https:\/\/arroyitoonline.com.ar\/index.php?rest_route=%2Fwp%2Fv2%2Ftags&post=11737"}],"curies":[{"name":"wp","href":"https:\/\/api.w.org\/{rel}","templated":true}]}}