{"id":11739,"date":"2021-02-23T13:56:13","date_gmt":"2021-02-23T13:56:13","guid":{"rendered":"https:\/\/arroyitoonline.com.ar\/?p=11739"},"modified":"2021-02-23T14:45:22","modified_gmt":"2021-02-23T14:45:22","slug":"el-video-viralizado-de-la-pelea-en-el-balneario-es-del-7-de-febrero","status":"publish","type":"post","link":"https:\/\/arroyitoonline.com.ar\/?p=11739","title":{"rendered":"El video viralizado de la pelea en el Balneario es del 7 de febrero"},"content":{"rendered":"\n<p><strong>As\u00ed lo confirm\u00f3 el comisario Facundo Bosco, sobre los rumores de que los hechos habr\u00edan sucedido el fin de semana pasado.<\/strong><\/p>\n\n\n\n<p>En las \u00faltimas horas se viraliz\u00f3 por WhatsApp y redes sociales, un video donde se observa una batalla campal entre j\u00f3venes. Incluso, uno de ellos termina tendido en el suelo al parecer inconsciente, mientras los dem\u00e1s siguen golpe\u00e1ndose entre s\u00ed. <\/p>\n\n\n\n<p><a href=\"https:\/\/www.instagram.com\/p\/CLo3Fp5HL9t\/?igshid=jozfz1bjur3a\">https:\/\/www.instagram.com\/p\/CLo3Fp5HL9t\/?igshid=jozfz1bjur3a<\/a><\/p>\n\n\n\n<p>Si bien las im\u00e1genes circulan en estos d\u00edas, desde la Comisar\u00eda Distrito Arroyito aclararon que el material f\u00edlmico corresponde a hechos ocurridos el pasado domingo 7 de febrero.<\/p>\n\n\n\n<p>As\u00ed lo expres\u00f3 a <strong>Arroyito Online <\/strong>el comisario Facundo Bosco, qui\u00e9n explic\u00f3 que <em>&#8220;\u00e9se video es de hace varios fines de semana atr\u00e1s\u2026 En aquella ocasi\u00f3n se aprehendi\u00f3 a joven de 17 a\u00f1os y se identific\u00f3 a otros que participaron de la pelea. Se iniciaron las actuaciones sumariales correspondientes en la Unidad Judicial&#8221;<\/em>.<\/p>\n\n\n\n<p><strong>Parte oficial<\/strong><\/p>\n\n\n\n<p>Adem\u00e1s, Bosco aclar\u00f3 que los sucesos vinculados al video se informaron en el parte oficial enviado el martes 9 de febrero. En aquel momento, se comunic\u00f3 que, el domingo 7 a las 8:15 horas, personal policial traslad\u00f3, desde Av. Per\u00f3n al 1.800, al menor de 17 a\u00f1os.<\/p>\n\n\n\n<p>Momentos antes, este joven habr\u00eda ocasionado disturbios y rotura de la luneta trasera de un veh\u00edculo Chevrolet Onix que se encontraba en el lugar.<\/p>\n\n\n\n<p>Por lo que procedieron a la aprehensi\u00f3n y traslado del sujeto a la dependencia, quedando alojado a disposici\u00f3n del Juzgado de Menores, por supuesto autor del delito de da\u00f1o.<\/p>\n\n\n\n<p>Fuente: informe del jefe de la Comisar\u00eda Distrito Arroyito | Comisario Facundo Bosco.<\/p>\n\n\n\n<p>Foto de portada: captura video.<\/p>\n","protected":false},"excerpt":{"rendered":"<p>As\u00ed lo confirm\u00f3 el comisario Facundo Bosco, sobre los rumores de que los hechos habr\u00edan sucedido el fin de semana&hellip;<\/p>\n","protected":false},"author":3,"featured_media":11742,"comment_status":"closed","ping_status":"open","sticky":false,"template":"","format":"standard","meta":{"footnotes":""},"categories":[824],"tags":[66,67,836,95,1069,572,1214,635,637,638,825],"class_list":["post-11739","post","type-post","status-publish","format-standard","has-post-thumbnail","hentry","category-policiales-online","tag-arroyito","tag-arroyito-cordoba","tag-arroyito-online","tag-balneario","tag-costanera","tag-noticias-de-arroyito-y-zona","tag-pelea","tag-policia","tag-policiales","tag-policiales-arroyito","tag-policiales-online"],"_links":{"self":[{"href":"https:\/\/arroyitoonline.com.ar\/index.php?rest_route=\/wp\/v2\/posts\/11739","targetHints":{"allow":["GET"]}}],"collection":[{"href":"https:\/\/arroyitoonline.com.ar\/index.php?rest_route=\/wp\/v2\/posts"}],"about":[{"href":"https:\/\/arroyitoonline.com.ar\/index.php?rest_route=\/wp\/v2\/types\/post"}],"author":[{"embeddable":true,"href":"https:\/\/arroyitoonline.com.ar\/index.php?rest_route=\/wp\/v2\/users\/3"}],"replies":[{"embeddable":true,"href":"https:\/\/arroyitoonline.com.ar\/index.php?rest_route=%2Fwp%2Fv2%2Fcomments&post=11739"}],"version-history":[{"count":2,"href":"https:\/\/arroyitoonline.com.ar\/index.php?rest_route=\/wp\/v2\/posts\/11739\/revisions"}],"predecessor-version":[{"id":11749,"href":"https:\/\/arroyitoonline.com.ar\/index.php?rest_route=\/wp\/v2\/posts\/11739\/revisions\/11749"}],"wp:featuredmedia":[{"embeddable":true,"href":"https:\/\/arroyitoonline.com.ar\/index.php?rest_route=\/wp\/v2\/media\/11742"}],"wp:attachment":[{"href":"https:\/\/arroyitoonline.com.ar\/index.php?rest_route=%2Fwp%2Fv2%2Fmedia&parent=11739"}],"wp:term":[{"taxonomy":"category","embeddable":true,"href":"https:\/\/arroyitoonline.com.ar\/index.php?rest_route=%2Fwp%2Fv2%2Fcategories&post=11739"},{"taxonomy":"post_tag","embeddable":true,"href":"https:\/\/arroyitoonline.com.ar\/index.php?rest_route=%2Fwp%2Fv2%2Ftags&post=11739"}],"curies":[{"name":"wp","href":"https:\/\/api.w.org\/{rel}","templated":true}]}}