{"id":11750,"date":"2021-02-23T18:48:43","date_gmt":"2021-02-23T18:48:43","guid":{"rendered":"https:\/\/arroyitoonline.com.ar\/?p=11750"},"modified":"2021-02-23T18:52:20","modified_gmt":"2021-02-23T18:52:20","slug":"covid-19-en-arroyito-se-activo-el-protocolo-en-la-escuela-jose-gimenez-lagos","status":"publish","type":"post","link":"https:\/\/arroyitoonline.com.ar\/?p=11750","title":{"rendered":"Covid-19 en Arroyito: se activ\u00f3 el protocolo en la Escuela Jos\u00e9 Gim\u00e9nez Lagos"},"content":{"rendered":"\n<p><strong>Tanto la directora M\u00f3nica Romero, como la vice y dos docentes, dieron positivo en los hisopados. Se aguardan nueve resultados m\u00e1s. <\/strong><\/p>\n\n\n\n<p>Ayer\u00a0<strong>lunes 22, se activ\u00f3 el protocolo Covid-19 en diferentes escuelas de la provincia de C\u00f3rdoba<\/strong>, dentro de las cuales se encuentra el establecimiento educativo local,<strong> Jos\u00e9 Gim\u00e9nez Lagos<\/strong>. All\u00ed, el Centro de Emergencias de Arroyito (CEA) y el COE Central aislaron a docentes y alumnos.<\/p>\n\n\n\n<p>En dialogo con<strong> V\u00eda Arroyito, la directora de la instituci\u00f3n, M\u00f3nica Romero, coment\u00f3\u00a0<\/strong>que <em>\u201c<strong>recib\u00ed la informaci\u00f3n de parte de la vicedirectora Mariana Luque<\/strong>, que no se encontraba bien de salud, presentando dolor de cuerpo y de garganta, tos y malestar general. <strong>Asisti\u00f3 al Hospital Carlos J. Rodr\u00edguez a realizarse un hisopado cuyo resultado estar\u00eda el d\u00eda lunes 22 por la tarde o martes 23 por la ma\u00f1ana<\/strong>\u201d<\/em>.<\/p>\n\n\n\n<p>De manera inmediata, la directora activ\u00f3 el protocolo ya que, el<strong> viernes, la vicedirectora hab\u00eda asistido a la instituci\u00f3n. Pero, en esa ocasi\u00f3n, su registro de temperatura era normal, estaba bien de salud\u00a0<\/strong>y<strong>\u00a0no estuvo por m\u00e1s de 15 minutos con ninguna burbuja de docentes.<\/strong><\/p>\n\n\n\n<p>A continuaci\u00f3n, Romero agreg\u00f3 que se comunic\u00f3 con<strong> la superioridad correspondiente, inspector Zona 2320 Oscar D\u00edaz,\u00a0<\/strong>y tambi\u00e9n con referentes de salud del nosocomio local.<\/p>\n\n\n\n<p>Adem\u00e1s,<strong> coordin\u00f3 con la secretaria de Educaci\u00f3n de la Municipalidad de Arroyito, Ver\u00f3nica Maritano,<\/strong>\u00a0la realizaci\u00f3n de<strong>\u00a0hisopados a los maestros de la instituci\u00f3n para el lunes 22<\/strong>. En tanto que, el<strong> equipo directivo se mantendr\u00e1 en aislamiento hasta conocerse los resultados de esos test\u00a0<\/strong>y con los cuidados pertinentes.<\/p>\n\n\n\n<p>Luego del fin de semana, <strong>M\u00f3nica Romero le comunic\u00f3 a la autoridad superior que <\/strong><em><strong>\u201cdieron positivos la directora, la vicedirectora y dos docentes,\u00a0<\/strong>las cuales hicieron aislamiento inmediato solicitando carta m\u00e9dica,\u00a0<strong>procediendo a informar inmediatamente a la autoridad local CEA, dependiente del COE\u201d<\/strong><\/em><strong>.<\/strong><\/p>\n\n\n\n<p>Cabe destacar que\u00a0<strong>las cuatro personas contagiadas no mantuvieron contacto estrecho con otras personas de la escuela durante la jornada laboral.\u00a0<\/strong>Por su parte, se aguardan los resultados de los hisopados realizados a<strong> nueve personas m\u00e1s, entre docentes y auxiliares, que asistieron el mismo viernes 19 de febrero<\/strong>\u00a0a la Escuela Jos\u00e9 Gim\u00e9nez Lagos.<\/p>\n\n\n\n<p><strong>Por \u00faltimo, las autoridades provinciales y de la instituci\u00f3n determinar\u00e1n cu\u00e1les ser\u00e1n los paso a seguirse,\u00a0<\/strong>para que contin\u00faen las actividades educativas, con los cuidados y medidas sanitarias correspondientes.<\/p>\n\n\n\n<p>Fuente: V\u00eda Arroyito. Agradecemos a Hugo Schiavoni.<\/p>\n\n\n\n<p>Foto de portada de archivo, gentileza Luis Paes.<\/p>\n","protected":false},"excerpt":{"rendered":"<p>Tanto la directora M\u00f3nica Romero, como la vice y dos docentes, dieron positivo en los hisopados. Se aguardan nueve resultados&hellip;<\/p>\n","protected":false},"author":3,"featured_media":8877,"comment_status":"closed","ping_status":"open","sticky":false,"template":"","format":"standard","meta":{"footnotes":""},"categories":[9],"tags":[66,67,836,1149,1151,1108,1152,1167,310,952,572],"class_list":["post-11750","post","type-post","status-publish","format-standard","has-post-thumbnail","hentry","category-infosalud","tag-arroyito","tag-arroyito-cordoba","tag-arroyito-online","tag-centro-de-emergencias-de-arroyito","tag-coe-central","tag-coronavirus","tag-covid-19","tag-distanciamiento-social-preventivo-y-obligatorio","tag-educacion","tag-escuela-jose-gimenez-lagos","tag-noticias-de-arroyito-y-zona"],"_links":{"self":[{"href":"https:\/\/arroyitoonline.com.ar\/index.php?rest_route=\/wp\/v2\/posts\/11750","targetHints":{"allow":["GET"]}}],"collection":[{"href":"https:\/\/arroyitoonline.com.ar\/index.php?rest_route=\/wp\/v2\/posts"}],"about":[{"href":"https:\/\/arroyitoonline.com.ar\/index.php?rest_route=\/wp\/v2\/types\/post"}],"author":[{"embeddable":true,"href":"https:\/\/arroyitoonline.com.ar\/index.php?rest_route=\/wp\/v2\/users\/3"}],"replies":[{"embeddable":true,"href":"https:\/\/arroyitoonline.com.ar\/index.php?rest_route=%2Fwp%2Fv2%2Fcomments&post=11750"}],"version-history":[{"count":3,"href":"https:\/\/arroyitoonline.com.ar\/index.php?rest_route=\/wp\/v2\/posts\/11750\/revisions"}],"predecessor-version":[{"id":11753,"href":"https:\/\/arroyitoonline.com.ar\/index.php?rest_route=\/wp\/v2\/posts\/11750\/revisions\/11753"}],"wp:featuredmedia":[{"embeddable":true,"href":"https:\/\/arroyitoonline.com.ar\/index.php?rest_route=\/wp\/v2\/media\/8877"}],"wp:attachment":[{"href":"https:\/\/arroyitoonline.com.ar\/index.php?rest_route=%2Fwp%2Fv2%2Fmedia&parent=11750"}],"wp:term":[{"taxonomy":"category","embeddable":true,"href":"https:\/\/arroyitoonline.com.ar\/index.php?rest_route=%2Fwp%2Fv2%2Fcategories&post=11750"},{"taxonomy":"post_tag","embeddable":true,"href":"https:\/\/arroyitoonline.com.ar\/index.php?rest_route=%2Fwp%2Fv2%2Ftags&post=11750"}],"curies":[{"name":"wp","href":"https:\/\/api.w.org\/{rel}","templated":true}]}}