{"id":11755,"date":"2021-02-24T02:20:16","date_gmt":"2021-02-24T02:20:16","guid":{"rendered":"https:\/\/arroyitoonline.com.ar\/?p=11755"},"modified":"2021-02-24T17:12:08","modified_gmt":"2021-02-24T17:12:08","slug":"covid-19-benedetti-confirmo-que-se-vacuno-porque-es-el-presidente-del-cea","status":"publish","type":"post","link":"https:\/\/arroyitoonline.com.ar\/?p=11755","title":{"rendered":"Covid-19: Benedetti confirm\u00f3 que se vacun\u00f3 porque es el presidente del CEA"},"content":{"rendered":"\n<p><strong>El intendente neg\u00f3 que en Arroyito haya habido vacunados VIP y asegur\u00f3 que todas las dosis fueron usadas como indic\u00f3 Inmunolog\u00eda de la Provincia<\/strong>.<\/p>\n\n\n\n<p>Desde hace varios d\u00edas, crecen las repercusiones por la publicaci\u00f3n de una lista de funcionarios pol\u00edticos que recibieron la vacuna Sputnik V, en la que aparece el nombre del intendente de la ciudad de Arroyito,&nbsp;Gustavo Benedetti.<\/p>\n\n\n\n<p><strong>A trav\u00e9s de un comunicado de prensa, el jefe municipal se refiri\u00f3 al respecto aclarando que ninguna persona pol\u00edtica utiliz\u00f3 las dosis que llegaron <\/strong>al nosocomio local. Y agreg\u00f3 que en su totalidad, fueron usadas como indic\u00f3 Inmunolog\u00eda de la Provincia, seg\u00fan los protocolos y a cargo del \u00e1rea de Epidemiolog\u00eda local.<\/p>\n\n\n\n<p><strong>De acuerdo a lo informado, Benedetti es uno de los responsables del Centro de Emergencias y por esto debi\u00f3 recibir sus dosis.<\/strong><\/p>\n\n\n\n<p>Su vacunaci\u00f3n se desarroll\u00f3 en la primera etapa, donde el personal de Sanidad y los miembros del CEA eran quienes recib\u00edan la inoculaci\u00f3n.<\/p>\n\n\n\n<blockquote class=\"wp-block-quote is-layout-flow wp-block-quote-is-layout-flow\"><p><strong><em>\u201cEn Arroyito no hubo ning\u00fan vacunado VIP, todas las dosis se usaron como ven\u00edan asignadas y el caso m\u00edo, como presidente CEA. Al igual que la directora M\u00e9dica, tambi\u00e9n referente sanitaria del CEA, personal m\u00e9dico y de enfermer\u00eda<\/em><\/strong>, <strong><em>fuimos convocados e incluidos en el registro del Hospital Iturraspe de San Francisco\u201d<\/em><\/strong>, justific\u00f3 el intendente.<\/p><\/blockquote>\n\n\n\n<p>A nuestra ciudad ya arribaron 175 dosis, para la vacunaci\u00f3n de residentes y personal de hogares de Ancianos y geri\u00e1tricos. Adem\u00e1s 55 personas del hospital municipal; entre personal sanitario, m\u00e9dicos y enfermeras fueron trasladados a San Francisco para su vacunaci\u00f3n. Tambi\u00e9n han arribado 30 dosis m\u00e1s, que fueron aplicadas al personal de Salud.<\/p>\n","protected":false},"excerpt":{"rendered":"<p>El intendente neg\u00f3 que en Arroyito haya habido vacunados VIP y asegur\u00f3 que todas las dosis fueron usadas como indic\u00f3&hellip;<\/p>\n","protected":false},"author":3,"featured_media":11756,"comment_status":"closed","ping_status":"open","sticky":false,"template":"","format":"standard","meta":{"footnotes":""},"categories":[8],"tags":[66,67,836,115,1149,1151,1108,1152,404,405,1102,968,426,1126,1177,572,640,706,790],"class_list":["post-11755","post","type-post","status-publish","format-standard","has-post-thumbnail","hentry","category-politica","tag-arroyito","tag-arroyito-cordoba","tag-arroyito-online","tag-benedetti","tag-centro-de-emergencias-de-arroyito","tag-coe-central","tag-coronavirus","tag-covid-19","tag-gobierno-de-cordoba","tag-gobierno-de-la-provincia","tag-gobierno-municipal","tag-gustavo-benedetti","tag-hospital","tag-hospital-iturraspe","tag-hospital-municipal-carlos-j-rodriguez","tag-noticias-de-arroyito-y-zona","tag-politica","tag-salud","tag-vacunacion"],"_links":{"self":[{"href":"https:\/\/arroyitoonline.com.ar\/index.php?rest_route=\/wp\/v2\/posts\/11755","targetHints":{"allow":["GET"]}}],"collection":[{"href":"https:\/\/arroyitoonline.com.ar\/index.php?rest_route=\/wp\/v2\/posts"}],"about":[{"href":"https:\/\/arroyitoonline.com.ar\/index.php?rest_route=\/wp\/v2\/types\/post"}],"author":[{"embeddable":true,"href":"https:\/\/arroyitoonline.com.ar\/index.php?rest_route=\/wp\/v2\/users\/3"}],"replies":[{"embeddable":true,"href":"https:\/\/arroyitoonline.com.ar\/index.php?rest_route=%2Fwp%2Fv2%2Fcomments&post=11755"}],"version-history":[{"count":4,"href":"https:\/\/arroyitoonline.com.ar\/index.php?rest_route=\/wp\/v2\/posts\/11755\/revisions"}],"predecessor-version":[{"id":11760,"href":"https:\/\/arroyitoonline.com.ar\/index.php?rest_route=\/wp\/v2\/posts\/11755\/revisions\/11760"}],"wp:featuredmedia":[{"embeddable":true,"href":"https:\/\/arroyitoonline.com.ar\/index.php?rest_route=\/wp\/v2\/media\/11756"}],"wp:attachment":[{"href":"https:\/\/arroyitoonline.com.ar\/index.php?rest_route=%2Fwp%2Fv2%2Fmedia&parent=11755"}],"wp:term":[{"taxonomy":"category","embeddable":true,"href":"https:\/\/arroyitoonline.com.ar\/index.php?rest_route=%2Fwp%2Fv2%2Fcategories&post=11755"},{"taxonomy":"post_tag","embeddable":true,"href":"https:\/\/arroyitoonline.com.ar\/index.php?rest_route=%2Fwp%2Fv2%2Ftags&post=11755"}],"curies":[{"name":"wp","href":"https:\/\/api.w.org\/{rel}","templated":true}]}}