{"id":11780,"date":"2021-02-25T14:17:45","date_gmt":"2021-02-25T14:17:45","guid":{"rendered":"https:\/\/arroyitoonline.com.ar\/?p=11780"},"modified":"2021-02-25T14:29:18","modified_gmt":"2021-02-25T14:29:18","slug":"covid-19-en-esc-jose-gimenez-lagos-el-cea-resuelve-que-los-docentes-esten-aislados-por-14-dias-y-el-inicio-de-ciclo-sea-virtual","status":"publish","type":"post","link":"https:\/\/arroyitoonline.com.ar\/?p=11780","title":{"rendered":"Covid-19 en Esc. Jos\u00e9 Gim\u00e9nez Lagos: el CEA resuelve que los docentes est\u00e9n aislados por 14 d\u00edas y el inicio de ciclo sea virtual"},"content":{"rendered":"\n<p><strong>Hasta el momento, de 27 test realizados, cuatro fueron positivos y 23 negativos. La presencialidad se retomar\u00e1 el lunes 8 de marzo.<\/strong><\/p>\n\n\n\n<p>Ayer, el Centro de Emergencias de Arroyito (CEA) envi\u00f3 una nota a la directora de la Escuela Jos\u00e9 Gim\u00e9nez Lagos, M\u00f3nica Romero, en respuesta a la situaci\u00f3n epidemiol\u00f3gica en ese establecimiento, luego de que se activara el protocolo Covid-19, por cuatro casos positivos. <\/p>\n\n\n\n<figure class=\"wp-block-embed-wordpress wp-block-embed is-type-wp-embed is-provider-arroyito-online\"><div class=\"wp-block-embed__wrapper\">\nhttps:\/\/arroyitoonline.com.ar\/info-online\/infosalud\/covid-19-en-arroyito-se-activo-el-protocolo-en-la-escuela-jose-gimenez-lagos\/\n<\/div><\/figure>\n\n\n\n<p>En este sentido, el CEA inform\u00f3 que realizaron test r\u00e1pidos de ant\u00edgenos a 27 docentes en total, siendo los resultados, cuatro positivos y 23 negativos.<\/p>\n\n\n\n<p>Adem\u00e1s, la directora indic\u00f3 que, aunque nueve maestros no participaron de la reuni\u00f3n del pasado viernes 19 de febrero, donde habr\u00eda comenzado el brote, podr\u00edan ser contactos estrechos de alg\u00fan docente participante. Es por esto, que se est\u00e1n iniciando los hisopados en ese grupo.<\/p>\n\n\n\n<p>Por \u00faltimo, visto la situaci\u00f3n epidemiol\u00f3gica y, en concordancia con los protocolos vigentes del COE Central y el Ministerio de Educaci\u00f3n, el CEA indica:<\/p>\n\n\n\n<p>-Aislamiento estricto de todo el personal hisopado, por 14 d\u00edas, desde el momento del test, sea resultado positivo o negativo. Tambi\u00e9n se controlar\u00e1 desde el Centro de Monitoreo CEA, a los contactos estrechos convivientes (n\u00facleo familiar).<br>-Desinfecci\u00f3n y sanitizaci\u00f3n de todo el edificio escolar, con presentaci\u00f3n de certificado ante el \u00e1rea de Bromatolog\u00eda Municipal.<br>-Inicio de ciclo lectivo de MANERA VIRTUAL\/REMOTA. La presencialidad se retomar\u00e1 el lunes 8 de marzo.<\/p>\n\n\n\n<p>Foto de portada de archivo, gentileza Luis Paes. <\/p>\n","protected":false},"excerpt":{"rendered":"<p>Hasta el momento, de 27 test realizados, cuatro fueron positivos y 23 negativos. La presencialidad se retomar\u00e1 el lunes 8&hellip;<\/p>\n","protected":false},"author":3,"featured_media":8877,"comment_status":"closed","ping_status":"open","sticky":false,"template":"","format":"standard","meta":{"footnotes":""},"categories":[9],"tags":[66,67,836,1149,1151,1108,1152,1167,1102,1160,572,706],"class_list":["post-11780","post","type-post","status-publish","format-standard","has-post-thumbnail","hentry","category-infosalud","tag-arroyito","tag-arroyito-cordoba","tag-arroyito-online","tag-centro-de-emergencias-de-arroyito","tag-coe-central","tag-coronavirus","tag-covid-19","tag-distanciamiento-social-preventivo-y-obligatorio","tag-gobierno-municipal","tag-hisopados","tag-noticias-de-arroyito-y-zona","tag-salud"],"_links":{"self":[{"href":"https:\/\/arroyitoonline.com.ar\/index.php?rest_route=\/wp\/v2\/posts\/11780","targetHints":{"allow":["GET"]}}],"collection":[{"href":"https:\/\/arroyitoonline.com.ar\/index.php?rest_route=\/wp\/v2\/posts"}],"about":[{"href":"https:\/\/arroyitoonline.com.ar\/index.php?rest_route=\/wp\/v2\/types\/post"}],"author":[{"embeddable":true,"href":"https:\/\/arroyitoonline.com.ar\/index.php?rest_route=\/wp\/v2\/users\/3"}],"replies":[{"embeddable":true,"href":"https:\/\/arroyitoonline.com.ar\/index.php?rest_route=%2Fwp%2Fv2%2Fcomments&post=11780"}],"version-history":[{"count":2,"href":"https:\/\/arroyitoonline.com.ar\/index.php?rest_route=\/wp\/v2\/posts\/11780\/revisions"}],"predecessor-version":[{"id":11785,"href":"https:\/\/arroyitoonline.com.ar\/index.php?rest_route=\/wp\/v2\/posts\/11780\/revisions\/11785"}],"wp:featuredmedia":[{"embeddable":true,"href":"https:\/\/arroyitoonline.com.ar\/index.php?rest_route=\/wp\/v2\/media\/8877"}],"wp:attachment":[{"href":"https:\/\/arroyitoonline.com.ar\/index.php?rest_route=%2Fwp%2Fv2%2Fmedia&parent=11780"}],"wp:term":[{"taxonomy":"category","embeddable":true,"href":"https:\/\/arroyitoonline.com.ar\/index.php?rest_route=%2Fwp%2Fv2%2Fcategories&post=11780"},{"taxonomy":"post_tag","embeddable":true,"href":"https:\/\/arroyitoonline.com.ar\/index.php?rest_route=%2Fwp%2Fv2%2Ftags&post=11780"}],"curies":[{"name":"wp","href":"https:\/\/api.w.org\/{rel}","templated":true}]}}