{"id":11796,"date":"2021-02-26T22:45:46","date_gmt":"2021-02-26T22:45:46","guid":{"rendered":"https:\/\/arroyitoonline.com.ar\/?p=11796"},"modified":"2021-02-26T22:45:48","modified_gmt":"2021-02-26T22:45:48","slug":"covid-19-en-arroyito-comenzo-la-vacunacion-para-mayores-de-70-que-contaban-con-turno","status":"publish","type":"post","link":"https:\/\/arroyitoonline.com.ar\/?p=11796","title":{"rendered":"Covid-19 en Arroyito: comenz\u00f3 la vacunaci\u00f3n para mayores de 70 que contaban con turno"},"content":{"rendered":"\n<p><strong>El operativo se realiz\u00f3 con \u00e9xito y en total orden, durante esta primera aplicaci\u00f3n a los vecinos de nuestra ciudad.<\/strong><\/p>\n\n\n\n<p>Esta ma\u00f1ana, el Hospital Municipal Carlos J. Rodr\u00edguez y el Centro de Emergencias de Arroyito (CEA),\u00a0<strong>iniciaron la vacunaci\u00f3n contra el covid-19<\/strong>, en el <strong>Sal\u00f3n Parroquial<\/strong>.<\/p>\n\n\n\n<p>En este caso, la inoculaci\u00f3n es <strong>para mayores de 70 a\u00f1os, que hab\u00edan obtenido turno inscribi\u00e9ndose a trav\u00e9s de la plataforma Ciudadano Digital del Gobierno de la Provincia.<\/strong><\/p>\n\n\n\n<p><strong>El operativo se realiz\u00f3 con \u00e9xito y en total orden, durante esta primera aplicaci\u00f3n a los vecinos de nuestra ciudad. Se comunicar\u00e1 de manera oportuna cu\u00e1ndo se realice otro procedimiento de este tipo.<\/strong><\/p>\n","protected":false},"excerpt":{"rendered":"<p>El operativo se realiz\u00f3 con \u00e9xito y en total orden, durante esta primera aplicaci\u00f3n a los vecinos de nuestra ciudad.&hellip;<\/p>\n","protected":false},"author":3,"featured_media":11797,"comment_status":"closed","ping_status":"open","sticky":false,"template":"","format":"standard","meta":{"footnotes":""},"categories":[9],"tags":[66,67,836,1149,1108,1152,1177,572,706,790],"class_list":["post-11796","post","type-post","status-publish","format-standard","has-post-thumbnail","hentry","category-infosalud","tag-arroyito","tag-arroyito-cordoba","tag-arroyito-online","tag-centro-de-emergencias-de-arroyito","tag-coronavirus","tag-covid-19","tag-hospital-municipal-carlos-j-rodriguez","tag-noticias-de-arroyito-y-zona","tag-salud","tag-vacunacion"],"_links":{"self":[{"href":"https:\/\/arroyitoonline.com.ar\/index.php?rest_route=\/wp\/v2\/posts\/11796","targetHints":{"allow":["GET"]}}],"collection":[{"href":"https:\/\/arroyitoonline.com.ar\/index.php?rest_route=\/wp\/v2\/posts"}],"about":[{"href":"https:\/\/arroyitoonline.com.ar\/index.php?rest_route=\/wp\/v2\/types\/post"}],"author":[{"embeddable":true,"href":"https:\/\/arroyitoonline.com.ar\/index.php?rest_route=\/wp\/v2\/users\/3"}],"replies":[{"embeddable":true,"href":"https:\/\/arroyitoonline.com.ar\/index.php?rest_route=%2Fwp%2Fv2%2Fcomments&post=11796"}],"version-history":[{"count":1,"href":"https:\/\/arroyitoonline.com.ar\/index.php?rest_route=\/wp\/v2\/posts\/11796\/revisions"}],"predecessor-version":[{"id":11798,"href":"https:\/\/arroyitoonline.com.ar\/index.php?rest_route=\/wp\/v2\/posts\/11796\/revisions\/11798"}],"wp:featuredmedia":[{"embeddable":true,"href":"https:\/\/arroyitoonline.com.ar\/index.php?rest_route=\/wp\/v2\/media\/11797"}],"wp:attachment":[{"href":"https:\/\/arroyitoonline.com.ar\/index.php?rest_route=%2Fwp%2Fv2%2Fmedia&parent=11796"}],"wp:term":[{"taxonomy":"category","embeddable":true,"href":"https:\/\/arroyitoonline.com.ar\/index.php?rest_route=%2Fwp%2Fv2%2Fcategories&post=11796"},{"taxonomy":"post_tag","embeddable":true,"href":"https:\/\/arroyitoonline.com.ar\/index.php?rest_route=%2Fwp%2Fv2%2Ftags&post=11796"}],"curies":[{"name":"wp","href":"https:\/\/api.w.org\/{rel}","templated":true}]}}