{"id":11806,"date":"2021-03-02T15:16:14","date_gmt":"2021-03-02T15:16:14","guid":{"rendered":"https:\/\/arroyitoonline.com.ar\/?p=11806"},"modified":"2021-03-02T15:16:16","modified_gmt":"2021-03-02T15:16:16","slug":"hombre-que-estaba-descompuesto-en-el-interior-de-un-auto-fallecio-en-el-hospital-municipal","status":"publish","type":"post","link":"https:\/\/arroyitoonline.com.ar\/?p=11806","title":{"rendered":"Hombre que estaba descompuesto en el interior de un auto falleci\u00f3 en el hospital municipal"},"content":{"rendered":"\n<p><strong>Desde el nosocomio informaron el deceso del hombre de 58 a\u00f1os, con domicilio en Arroyito.<\/strong><\/p>\n\n\n\n<p>El domingo a las 3:50 de la madrugada, la Polic\u00eda recibi\u00f3 un llamado desde la operadora de la guardia del Hospital Municipal Arroyito, solicitando la colaboraci\u00f3n de un m\u00f3vil policial, ya que habr\u00eda una persona descompuesta en el interior de un veh\u00edculo estacionado.<\/p>\n\n\n\n<p>En este marco, el Servicio de Emergencias lo traslad\u00f3 al Hospital Municipal Carlos J. Rodr\u00edguez. Luego, desde el nosocomio informaron el deceso del hombre de 58 a\u00f1os, con domicilio en Arroyito.<\/p>\n\n\n\n<p>Por \u00faltimo, se labraron actuaciones sumariales, con intervenci\u00f3n de la Fiscal\u00eda de Instrucci\u00f3n local, determinando el traslado del cuerpo a la Morgue Judicial de la ciudad de San Francisco, a cargo de Polic\u00eda Cient\u00edfica, para su correspondiente autopsia.<\/p>\n\n\n\n<p>Fuente: informe del comisario Facundo Bosco | Jefe de la Comisar\u00eda Distrito Arroyito.<\/p>\n","protected":false},"excerpt":{"rendered":"<p>Desde el nosocomio informaron el deceso del hombre de 58 a\u00f1os, con domicilio en Arroyito. El domingo a las 3:50&hellip;<\/p>\n","protected":false},"author":3,"featured_media":7160,"comment_status":"closed","ping_status":"open","sticky":false,"template":"","format":"standard","meta":{"footnotes":""},"categories":[824],"tags":[66,67,836,426,1177,548,572,635,637,638,825,710],"class_list":["post-11806","post","type-post","status-publish","format-standard","has-post-thumbnail","hentry","category-policiales-online","tag-arroyito","tag-arroyito-cordoba","tag-arroyito-online","tag-hospital","tag-hospital-municipal-carlos-j-rodriguez","tag-muerte","tag-noticias-de-arroyito-y-zona","tag-policia","tag-policiales","tag-policiales-arroyito","tag-policiales-online","tag-san-francisco"],"_links":{"self":[{"href":"https:\/\/arroyitoonline.com.ar\/index.php?rest_route=\/wp\/v2\/posts\/11806","targetHints":{"allow":["GET"]}}],"collection":[{"href":"https:\/\/arroyitoonline.com.ar\/index.php?rest_route=\/wp\/v2\/posts"}],"about":[{"href":"https:\/\/arroyitoonline.com.ar\/index.php?rest_route=\/wp\/v2\/types\/post"}],"author":[{"embeddable":true,"href":"https:\/\/arroyitoonline.com.ar\/index.php?rest_route=\/wp\/v2\/users\/3"}],"replies":[{"embeddable":true,"href":"https:\/\/arroyitoonline.com.ar\/index.php?rest_route=%2Fwp%2Fv2%2Fcomments&post=11806"}],"version-history":[{"count":1,"href":"https:\/\/arroyitoonline.com.ar\/index.php?rest_route=\/wp\/v2\/posts\/11806\/revisions"}],"predecessor-version":[{"id":11807,"href":"https:\/\/arroyitoonline.com.ar\/index.php?rest_route=\/wp\/v2\/posts\/11806\/revisions\/11807"}],"wp:featuredmedia":[{"embeddable":true,"href":"https:\/\/arroyitoonline.com.ar\/index.php?rest_route=\/wp\/v2\/media\/7160"}],"wp:attachment":[{"href":"https:\/\/arroyitoonline.com.ar\/index.php?rest_route=%2Fwp%2Fv2%2Fmedia&parent=11806"}],"wp:term":[{"taxonomy":"category","embeddable":true,"href":"https:\/\/arroyitoonline.com.ar\/index.php?rest_route=%2Fwp%2Fv2%2Fcategories&post=11806"},{"taxonomy":"post_tag","embeddable":true,"href":"https:\/\/arroyitoonline.com.ar\/index.php?rest_route=%2Fwp%2Fv2%2Ftags&post=11806"}],"curies":[{"name":"wp","href":"https:\/\/api.w.org\/{rel}","templated":true}]}}