{"id":11809,"date":"2021-03-03T13:51:22","date_gmt":"2021-03-03T13:51:22","guid":{"rendered":"https:\/\/arroyitoonline.com.ar\/?p=11809"},"modified":"2021-03-03T13:51:24","modified_gmt":"2021-03-03T13:51:24","slug":"accidente-fatal-en-la-ruta-19-fallecio-un-motociclista-de-15-anos","status":"publish","type":"post","link":"https:\/\/arroyitoonline.com.ar\/?p=11809","title":{"rendered":"Accidente fatal en la Ruta 19: falleci\u00f3 un motociclista de 15 a\u00f1os"},"content":{"rendered":"\n<p><strong>Ocurri\u00f3 el domingo, en el kil\u00f3metro N\u00ba 237 de la Ruta Nacional N\u00ba 19 -cerca del Bosquecito, entre Tr\u00e1nsito y La Curva-.<\/strong><\/p>\n\n\n\n<p>En los primeros minutos del domingo, la Polic\u00eda tom\u00f3 conocimiento de un accidente fatal ocurrido en el kil\u00f3metro N\u00ba 237 de la Ruta Nacional N\u00ba 19 -cerca del Bosquecito, entre Tr\u00e1nsito y La Curva-, donde falleci\u00f3 un motociclista.<\/p>\n\n\n\n<p>En el lugar, personal policial constat\u00f3 que se trataba de un auto Citro\u00ebn C3, de color gris, el cual era conducido por un hombre domiciliado en la provincia de Santa Fe.<\/p>\n\n\n\n<p>Por razones que tratan de establecerse, el veh\u00edculo colision\u00f3 con dos motocicletas: una Guerrero Trip de color negra \u2013conducida por un joven de 15 a\u00f1os-, la cual estaba tirada sobre la carpeta asf\u00e1ltica; y la otra, marca y modelo Honda Wave 110 cc color blanco \u2013guiada por otro joven de 14 a\u00f1os-, ambos chicos la localidad de Transito.<\/p>\n\n\n\n<p>Todos los veh\u00edculos involucrados en el siniestro andaban con sentido de circulaci\u00f3n de este a oeste. Como consecuencia del choque, el menor de 15 a\u00f1os perdi\u00f3 la vida, mientras que el conductor de 14 fue asistido y trasladado hacia Hospital Municipal Carlos J. Rodr\u00edguez, donde qued\u00f3 internado en observaci\u00f3n.<\/p>\n\n\n\n<p>Trabaj\u00f3 en el lugar, personal de Polic\u00eda Cient\u00edfica de la ciudad de San Francisco, interviniendo en el caso, Fiscal\u00eda de Instrucci\u00f3n de la ciudad de Arroyito.<\/p>\n\n\n\n<p>Fuente: informe del comisario Facundo Bosco | Jefe de la Comisar\u00eda Distrito Arroyito.<\/p>\n","protected":false},"excerpt":{"rendered":"<p>Ocurri\u00f3 el domingo, en el kil\u00f3metro N\u00ba 237 de la Ruta Nacional N\u00ba 19 -cerca del Bosquecito, entre Tr\u00e1nsito y&hellip;<\/p>\n","protected":false},"author":3,"featured_media":11810,"comment_status":"closed","ping_status":"open","sticky":false,"template":"","format":"standard","meta":{"footnotes":""},"categories":[824],"tags":[66,67,836,191,483,572,637,638,825,698,701,771],"class_list":["post-11809","post","type-post","status-publish","format-standard","has-post-thumbnail","hentry","category-policiales-online","tag-arroyito","tag-arroyito-cordoba","tag-arroyito-online","tag-choque","tag-la-curva","tag-noticias-de-arroyito-y-zona","tag-policiales","tag-policiales-arroyito","tag-policiales-online","tag-ruta-19","tag-ruta-nacional-n-19","tag-transito"],"_links":{"self":[{"href":"https:\/\/arroyitoonline.com.ar\/index.php?rest_route=\/wp\/v2\/posts\/11809","targetHints":{"allow":["GET"]}}],"collection":[{"href":"https:\/\/arroyitoonline.com.ar\/index.php?rest_route=\/wp\/v2\/posts"}],"about":[{"href":"https:\/\/arroyitoonline.com.ar\/index.php?rest_route=\/wp\/v2\/types\/post"}],"author":[{"embeddable":true,"href":"https:\/\/arroyitoonline.com.ar\/index.php?rest_route=\/wp\/v2\/users\/3"}],"replies":[{"embeddable":true,"href":"https:\/\/arroyitoonline.com.ar\/index.php?rest_route=%2Fwp%2Fv2%2Fcomments&post=11809"}],"version-history":[{"count":1,"href":"https:\/\/arroyitoonline.com.ar\/index.php?rest_route=\/wp\/v2\/posts\/11809\/revisions"}],"predecessor-version":[{"id":11811,"href":"https:\/\/arroyitoonline.com.ar\/index.php?rest_route=\/wp\/v2\/posts\/11809\/revisions\/11811"}],"wp:featuredmedia":[{"embeddable":true,"href":"https:\/\/arroyitoonline.com.ar\/index.php?rest_route=\/wp\/v2\/media\/11810"}],"wp:attachment":[{"href":"https:\/\/arroyitoonline.com.ar\/index.php?rest_route=%2Fwp%2Fv2%2Fmedia&parent=11809"}],"wp:term":[{"taxonomy":"category","embeddable":true,"href":"https:\/\/arroyitoonline.com.ar\/index.php?rest_route=%2Fwp%2Fv2%2Fcategories&post=11809"},{"taxonomy":"post_tag","embeddable":true,"href":"https:\/\/arroyitoonline.com.ar\/index.php?rest_route=%2Fwp%2Fv2%2Ftags&post=11809"}],"curies":[{"name":"wp","href":"https:\/\/api.w.org\/{rel}","templated":true}]}}