{"id":11812,"date":"2021-03-03T14:02:41","date_gmt":"2021-03-03T14:02:41","guid":{"rendered":"https:\/\/arroyitoonline.com.ar\/?p=11812"},"modified":"2021-03-03T15:05:14","modified_gmt":"2021-03-03T15:05:14","slug":"accidente-fatal-en-av-bernardi-fallecio-una-ciclista","status":"publish","type":"post","link":"https:\/\/arroyitoonline.com.ar\/?p=11812","title":{"rendered":"Accidente fatal en Av. Bernardi: falleci\u00f3 una ciclista"},"content":{"rendered":"\n<p><strong>Se trata de una se\u00f1ora mayor que fue embestida por una camioneta Volskwagen Amarok gris.<\/strong><\/p>\n\n\n\n<p>En la tarde de ayer se produjo un accidente fatal sobre Av. Bernardi al 800, como consecuencia del cual perdi\u00f3 la vida una ciclista.<\/p>\n\n\n\n<p>El siniestro vial involucr\u00f3 una camioneta Volskwagen Amarok de color gris y una bicicleta, que era conducida por una mujer mayor.<\/p>\n\n\n\n<p>Como consecuencia del impacto, la ocupante del rodado menor qued\u00f3 tendida sobre la carpeta asf\u00e1ltica y fue trasladada por el servicio de emergencias al Hospital Municipal Carlos J. Rodr\u00edguez. Luego, informaron que la mujer hab\u00eda fallecido.<\/p>\n\n\n\n<p>La informaci\u00f3n preliminar fue confirmada por fuentes policiales a Arroyito Online y ser\u00e1 ampliada en el parte oficial.<\/p>\n","protected":false},"excerpt":{"rendered":"<p>Se trata de una se\u00f1ora mayor que fue embestida por una camioneta Volskwagen Amarok gris. En la tarde de ayer&hellip;<\/p>\n","protected":false},"author":3,"featured_media":8868,"comment_status":"closed","ping_status":"open","sticky":false,"template":"","format":"standard","meta":{"footnotes":""},"categories":[824],"tags":[22,66,67,836,191,548,572,635,637,638,825,737],"class_list":["post-11812","post","type-post","status-publish","format-standard","has-post-thumbnail","hentry","category-policiales-online","tag-accidente","tag-arroyito","tag-arroyito-cordoba","tag-arroyito-online","tag-choque","tag-muerte","tag-noticias-de-arroyito-y-zona","tag-policia","tag-policiales","tag-policiales-arroyito","tag-policiales-online","tag-siniestro-vial"],"_links":{"self":[{"href":"https:\/\/arroyitoonline.com.ar\/index.php?rest_route=\/wp\/v2\/posts\/11812","targetHints":{"allow":["GET"]}}],"collection":[{"href":"https:\/\/arroyitoonline.com.ar\/index.php?rest_route=\/wp\/v2\/posts"}],"about":[{"href":"https:\/\/arroyitoonline.com.ar\/index.php?rest_route=\/wp\/v2\/types\/post"}],"author":[{"embeddable":true,"href":"https:\/\/arroyitoonline.com.ar\/index.php?rest_route=\/wp\/v2\/users\/3"}],"replies":[{"embeddable":true,"href":"https:\/\/arroyitoonline.com.ar\/index.php?rest_route=%2Fwp%2Fv2%2Fcomments&post=11812"}],"version-history":[{"count":2,"href":"https:\/\/arroyitoonline.com.ar\/index.php?rest_route=\/wp\/v2\/posts\/11812\/revisions"}],"predecessor-version":[{"id":11816,"href":"https:\/\/arroyitoonline.com.ar\/index.php?rest_route=\/wp\/v2\/posts\/11812\/revisions\/11816"}],"wp:featuredmedia":[{"embeddable":true,"href":"https:\/\/arroyitoonline.com.ar\/index.php?rest_route=\/wp\/v2\/media\/8868"}],"wp:attachment":[{"href":"https:\/\/arroyitoonline.com.ar\/index.php?rest_route=%2Fwp%2Fv2%2Fmedia&parent=11812"}],"wp:term":[{"taxonomy":"category","embeddable":true,"href":"https:\/\/arroyitoonline.com.ar\/index.php?rest_route=%2Fwp%2Fv2%2Fcategories&post=11812"},{"taxonomy":"post_tag","embeddable":true,"href":"https:\/\/arroyitoonline.com.ar\/index.php?rest_route=%2Fwp%2Fv2%2Ftags&post=11812"}],"curies":[{"name":"wp","href":"https:\/\/api.w.org\/{rel}","templated":true}]}}