{"id":11833,"date":"2021-03-04T14:20:17","date_gmt":"2021-03-04T14:20:17","guid":{"rendered":"https:\/\/arroyitoonline.com.ar\/?p=11833"},"modified":"2021-03-04T14:20:26","modified_gmt":"2021-03-04T14:20:26","slug":"covid-19-el-punto-digital-atendera-en-el-fuertecito-inscribiendo-para-la-recepcion-de-la-vacuna","status":"publish","type":"post","link":"https:\/\/arroyitoonline.com.ar\/?p=11833","title":{"rendered":"Covid-19: el Punto Digital atender\u00e1 en El Fuertecito inscribiendo para la recepci\u00f3n de la vacuna"},"content":{"rendered":"\n<p><strong>Ser\u00e1 este jueves 4, en el anexo de la Casa de la Cultura. Inscribir\u00e1n a mayores de 70 a\u00f1os. <\/strong><\/p>\n\n\n\n<p>El Punto Digital contin\u00faa asesorando a los vecinos para inscribirse en el padr\u00f3n de vacunas\u00a0<strong>contra covid-19 del Ministerio\u00a0 de Salud del Gobierno de la Provincia<\/strong>.<\/p>\n\n\n\n<p>En este sentido, este jueves 4 de marzo <strong>de 8:00 a 12:00 horas<\/strong>,<strong>\u00a0el Punto Digital atender\u00e1 en el Anexo de la Casa de la Cultura en El Fuertecito<\/strong>, para la inscripci\u00f3n de mayores de 70 a\u00f1os.<\/p>\n\n\n\n<p>El requisito para la realizaci\u00f3n de la inscripci\u00f3n ser\u00e1<strong>\u00a0que quienes se acerquen cuenten con DNI, fotocopia del DNI, n\u00famero de tel\u00e9fono celular y correo electr\u00f3nico activo.<\/strong><\/p>\n\n\n\n<p><strong>El registro se realiza en la web: <\/strong><a href=\"https:\/\/vacunacioncovid19.cba.gov.ar\/\">https:\/\/vacunacioncovid19.cba.gov.ar\/<\/a><\/p>\n","protected":false},"excerpt":{"rendered":"<p>Ser\u00e1 este jueves 4, en el anexo de la Casa de la Cultura. Inscribir\u00e1n a mayores de 70 a\u00f1os. El&hellip;<\/p>\n","protected":false},"author":3,"featured_media":11794,"comment_status":"closed","ping_status":"open","sticky":false,"template":"","format":"standard","meta":{"footnotes":""},"categories":[9],"tags":[66,67,836,158,1108,1152,315,404,405,1102,572,876,706,790],"class_list":["post-11833","post","type-post","status-publish","format-standard","has-post-thumbnail","hentry","category-infosalud","tag-arroyito","tag-arroyito-cordoba","tag-arroyito-online","tag-casa-de-la-cultura","tag-coronavirus","tag-covid-19","tag-el-fuertecito","tag-gobierno-de-cordoba","tag-gobierno-de-la-provincia","tag-gobierno-municipal","tag-noticias-de-arroyito-y-zona","tag-punto-digital","tag-salud","tag-vacunacion"],"_links":{"self":[{"href":"https:\/\/arroyitoonline.com.ar\/index.php?rest_route=\/wp\/v2\/posts\/11833","targetHints":{"allow":["GET"]}}],"collection":[{"href":"https:\/\/arroyitoonline.com.ar\/index.php?rest_route=\/wp\/v2\/posts"}],"about":[{"href":"https:\/\/arroyitoonline.com.ar\/index.php?rest_route=\/wp\/v2\/types\/post"}],"author":[{"embeddable":true,"href":"https:\/\/arroyitoonline.com.ar\/index.php?rest_route=\/wp\/v2\/users\/3"}],"replies":[{"embeddable":true,"href":"https:\/\/arroyitoonline.com.ar\/index.php?rest_route=%2Fwp%2Fv2%2Fcomments&post=11833"}],"version-history":[{"count":1,"href":"https:\/\/arroyitoonline.com.ar\/index.php?rest_route=\/wp\/v2\/posts\/11833\/revisions"}],"predecessor-version":[{"id":11834,"href":"https:\/\/arroyitoonline.com.ar\/index.php?rest_route=\/wp\/v2\/posts\/11833\/revisions\/11834"}],"wp:featuredmedia":[{"embeddable":true,"href":"https:\/\/arroyitoonline.com.ar\/index.php?rest_route=\/wp\/v2\/media\/11794"}],"wp:attachment":[{"href":"https:\/\/arroyitoonline.com.ar\/index.php?rest_route=%2Fwp%2Fv2%2Fmedia&parent=11833"}],"wp:term":[{"taxonomy":"category","embeddable":true,"href":"https:\/\/arroyitoonline.com.ar\/index.php?rest_route=%2Fwp%2Fv2%2Fcategories&post=11833"},{"taxonomy":"post_tag","embeddable":true,"href":"https:\/\/arroyitoonline.com.ar\/index.php?rest_route=%2Fwp%2Fv2%2Ftags&post=11833"}],"curies":[{"name":"wp","href":"https:\/\/api.w.org\/{rel}","templated":true}]}}